                       {"id":21199,"date":"2021-08-04T12:31:55","date_gmt":"2021-08-04T18:31:55","guid":{"rendered":"https:\/\/laultimapalabra.com.mx\/portal\/?p=21199"},"modified":"2024-12-11T10:15:12","modified_gmt":"2024-12-11T16:15:12","slug":"atacan-a-balazos-a-hombre-tras-resistirse-a-asalto-en-cadereyta","status":"publish","type":"post","link":"https:\/\/laultimapalabra.com.mx\/portal\/atacan-a-balazos-a-hombre-tras-resistirse-a-asalto-en-cadereyta\/","title":{"rendered":"Atacan a balazos a hombre tras resistirse a asalto en Cadereyta"},"content":{"rendered":"<p><span style=\"font-size: 1rem;\">Francisco Javier, de 35 a\u00f1os, caminaba por la calle R\u00edo Chari, en la colonia Bellavista 4to sector, sin embargo, presuntamente un hombre se acerc\u00f3 para asaltarlo.<\/span><\/p>\n<div style=\"width: 640px;\" class=\"wp-video\"><video class=\"wp-video-shortcode\" id=\"video-21199-1\" width=\"640\" height=\"352\" preload=\"metadata\" controls=\"controls\"><source type=\"video\/mp4\" src=\"https:\/\/laultimapalabra.com.mx\/portal\/wp-content\/uploads\/2021\/08\/VID-20210803-WA0053.mp4?_=1\" \/><a href=\"https:\/\/laultimapalabra.com.mx\/portal\/wp-content\/uploads\/2021\/08\/VID-20210803-WA0053.mp4\">https:\/\/laultimapalabra.com.mx\/portal\/wp-content\/uploads\/2021\/08\/VID-20210803-WA0053.mp4<\/a><\/video><\/div>\n<p>CADEREYTA.- Un hombre result\u00f3 herido a balazos tras resistirse presuntamente a un asalto, en el municipio de Cadereyta.<\/p>\n<p>Francisco Javier, de 35 a\u00f1os, caminaba por la calle R\u00edo Chari, en la colonia Bellavista 4to sector del mencionado municipio, sin embargo, presuntamente un hombre se acerc\u00f3 para asaltarlo.<\/p>\n<p>Tras resistirse al atraco, Francisco fue herido en la pierna derecha, en tanto el atacante huy\u00f3 sin precisarse si lo despoj\u00f3 de alguna de sus pertenencias.<\/p>\n<p>Al lugar llegaron cuerpos de auxilio, quienes lo estabilizaron y lo trasladaron al Hospital de Pemex.<\/p>\n<p>Fuente: El Norte\/Alerta Cadereyta<\/p>\n","protected":false},"excerpt":{"rendered":"<p>Francisco Javier, de 35 a\u00f1os, caminaba por la calle R\u00edo Chari, en la colonia Bellavista 4to sector, sin embargo, presuntamente un hombre se acerc\u00f3 para asaltarlo. CADEREYTA.- Un hombre result\u00f3 herido a balazos tras resistirse presuntamente a un asalto, en el municipio de Cadereyta. Francisco Javier, de 35 a\u00f1os, caminaba por la calle R\u00edo Chari, [&hellip;]<\/p>\n","protected":false},"author":9,"featured_media":21201,"comment_status":"closed","ping_status":"closed","sticky":false,"template":"","format":"standard","meta":{"footnotes":""},"categories":[8,9],"tags":[213,3209,3075],"class_list":["post-21199","post","type-post","status-publish","format-standard","has-post-thumbnail","hentry","category-seguridad","category-seguridad-cadereyta","tag-atentados-cadereyta","tag-fuente-alerta-cadereyta","tag-fuente-el-norte"],"_links":{"self":[{"href":"https:\/\/laultimapalabra.com.mx\/portal\/wp-json\/wp\/v2\/posts\/21199","targetHints":{"allow":["GET"]}}],"collection":[{"href":"https:\/\/laultimapalabra.com.mx\/portal\/wp-json\/wp\/v2\/posts"}],"about":[{"href":"https:\/\/laultimapalabra.com.mx\/portal\/wp-json\/wp\/v2\/types\/post"}],"author":[{"embeddable":true,"href":"https:\/\/laultimapalabra.com.mx\/portal\/wp-json\/wp\/v2\/users\/9"}],"replies":[{"embeddable":true,"href":"https:\/\/laultimapalabra.com.mx\/portal\/wp-json\/wp\/v2\/comments?post=21199"}],"version-history":[{"count":2,"href":"https:\/\/laultimapalabra.com.mx\/portal\/wp-json\/wp\/v2\/posts\/21199\/revisions"}],"predecessor-version":[{"id":73670,"href":"https:\/\/laultimapalabra.com.mx\/portal\/wp-json\/wp\/v2\/posts\/21199\/revisions\/73670"}],"wp:featuredmedia":[{"embeddable":true,"href":"https:\/\/laultimapalabra.com.mx\/portal\/wp-json\/wp\/v2\/media\/21201"}],"wp:attachment":[{"href":"https:\/\/laultimapalabra.com.mx\/portal\/wp-json\/wp\/v2\/media?parent=21199"}],"wp:term":[{"taxonomy":"category","embeddable":true,"href":"https:\/\/laultimapalabra.com.mx\/portal\/wp-json\/wp\/v2\/categories?post=21199"},{"taxonomy":"post_tag","embeddable":true,"href":"https:\/\/laultimapalabra.com.mx\/portal\/wp-json\/wp\/v2\/tags?post=21199"}],"curies":[{"name":"wp","href":"https:\/\/api.w.org\/{rel}","templated":true}]}}