                       {"id":21396,"date":"2021-08-17T09:33:42","date_gmt":"2021-08-17T15:33:42","guid":{"rendered":"https:\/\/laultimapalabra.com.mx\/portal\/?p=21396"},"modified":"2024-12-11T10:15:15","modified_gmt":"2024-12-11T16:15:15","slug":"otro-ataque-a-balazos-en-jardines-de-cadereyta","status":"publish","type":"post","link":"https:\/\/laultimapalabra.com.mx\/portal\/otro-ataque-a-balazos-en-jardines-de-cadereyta\/","title":{"rendered":"Otro ataque a balazos en jardines de Cadereyta"},"content":{"rendered":"<p><span style=\"font-size: 1rem;\"><img loading=\"lazy\" decoding=\"async\" class=\"size-medium wp-image-21397 alignleft\" src=\"https:\/\/laultimapalabra.com.mx\/portal\/wp-content\/uploads\/2021\/08\/IMG-20210816-WA0033-300x215.jpg\" alt=\"\" width=\"300\" height=\"215\" srcset=\"https:\/\/laultimapalabra.com.mx\/portal\/wp-content\/uploads\/2021\/08\/IMG-20210816-WA0033-300x215.jpg 300w, https:\/\/laultimapalabra.com.mx\/portal\/wp-content\/uploads\/2021\/08\/IMG-20210816-WA0033.jpg 519w\" sizes=\"auto, (max-width: 300px) 100vw, 300px\" \/>Cadereyta Jim\u00e9nez, N.L.-<\/span><\/p>\n<p><span style=\"font-weight: 400;\">Eran las 6:20 de la ma\u00f1ana del d\u00eda de ayer, cuando un nuevo ataque a balazos despert\u00f3 al segundo sector de la colonia Jardines de Cadereyta.<\/span><\/p>\n<p><span style=\"font-weight: 400;\">La violenta agresi\u00f3n se desencaden\u00f3 en la calle Mandarina de la mencionada colonia, donde fue herido V\u00edctor, de 19 a\u00f1os de edad, mientras los agresores hu\u00edan del sitio.\u00a0<\/span><\/p>\n<p><span style=\"font-weight: 400;\">El joven lesionado fue llevado de urgencia al Hospital de Pemex, donde finalmente perdi\u00f3 la vida a su corta edad.\u00a0<\/span><\/p>\n<p><span style=\"font-weight: 400;\">Polic\u00edas ministeriales investigaban los hechos el d\u00eda de hoy, mientras el cuerpo de V\u00edctor era trasladado al Servicio M\u00e9dico Forense para la autopsia de ley.<\/span><\/p>\n<p><span style=\"font-weight: 400;\">Fuente: Peri\u00f3dico La \u00daltima Palabra<\/span><\/p>\n","protected":false},"excerpt":{"rendered":"<p>Cadereyta Jim\u00e9nez, N.L.- Eran las 6:20 de la ma\u00f1ana del d\u00eda de ayer, cuando un nuevo ataque a balazos despert\u00f3 al segundo sector de la colonia Jardines de Cadereyta. La violenta agresi\u00f3n se desencaden\u00f3 en la calle Mandarina de la mencionada colonia, donde fue herido V\u00edctor, de 19 a\u00f1os de edad, mientras los agresores hu\u00edan [&hellip;]<\/p>\n","protected":false},"author":9,"featured_media":21397,"comment_status":"closed","ping_status":"closed","sticky":false,"template":"","format":"standard","meta":{"footnotes":""},"categories":[8,9],"tags":[913,3076],"class_list":["post-21396","post","type-post","status-publish","format-standard","has-post-thumbnail","hentry","category-seguridad","category-seguridad-cadereyta","tag-ejecuciones-cadereyta","tag-fuente-la-ultima-palabra"],"_links":{"self":[{"href":"https:\/\/laultimapalabra.com.mx\/portal\/wp-json\/wp\/v2\/posts\/21396","targetHints":{"allow":["GET"]}}],"collection":[{"href":"https:\/\/laultimapalabra.com.mx\/portal\/wp-json\/wp\/v2\/posts"}],"about":[{"href":"https:\/\/laultimapalabra.com.mx\/portal\/wp-json\/wp\/v2\/types\/post"}],"author":[{"embeddable":true,"href":"https:\/\/laultimapalabra.com.mx\/portal\/wp-json\/wp\/v2\/users\/9"}],"replies":[{"embeddable":true,"href":"https:\/\/laultimapalabra.com.mx\/portal\/wp-json\/wp\/v2\/comments?post=21396"}],"version-history":[{"count":2,"href":"https:\/\/laultimapalabra.com.mx\/portal\/wp-json\/wp\/v2\/posts\/21396\/revisions"}],"predecessor-version":[{"id":73746,"href":"https:\/\/laultimapalabra.com.mx\/portal\/wp-json\/wp\/v2\/posts\/21396\/revisions\/73746"}],"wp:featuredmedia":[{"embeddable":true,"href":"https:\/\/laultimapalabra.com.mx\/portal\/wp-json\/wp\/v2\/media\/21397"}],"wp:attachment":[{"href":"https:\/\/laultimapalabra.com.mx\/portal\/wp-json\/wp\/v2\/media?parent=21396"}],"wp:term":[{"taxonomy":"category","embeddable":true,"href":"https:\/\/laultimapalabra.com.mx\/portal\/wp-json\/wp\/v2\/categories?post=21396"},{"taxonomy":"post_tag","embeddable":true,"href":"https:\/\/laultimapalabra.com.mx\/portal\/wp-json\/wp\/v2\/tags?post=21396"}],"curies":[{"name":"wp","href":"https:\/\/api.w.org\/{rel}","templated":true}]}}