                       {"id":214,"date":"2018-02-08T22:41:07","date_gmt":"2018-02-08T22:41:07","guid":{"rendered":"http:\/\/laultimapalabra.info\/?p=214"},"modified":"2024-12-11T08:36:54","modified_gmt":"2024-12-11T14:36:54","slug":"la-guerra-de-los-pasteles-un-conflicto-belico-poco-conocido-en-mexico","status":"publish","type":"post","link":"https:\/\/laultimapalabra.com.mx\/portal\/la-guerra-de-los-pasteles-un-conflicto-belico-poco-conocido-en-mexico\/","title":{"rendered":"\u201cLa guerra de los pasteles\u201d\u2026 un conflicto b\u00e9lico poco conocido en M\u00e9xico"},"content":{"rendered":"<p><img loading=\"lazy\" decoding=\"async\" class=\"size-medium wp-image-215 aligncenter\" src=\"https:\/\/laultimapalabra.com.mx\/portal\/wp-content\/uploads\/2018\/02\/55971642e60af510473022-300x208.jpg\" alt=\"\" width=\"300\" height=\"208\" \/><\/p>\n<p style=\"text-align: justify;\">Cadereyta Jim\u00e9nez, N. L.- M\u00e9xico viv\u00eda el principio de una independencia reci\u00e9n consumada por Agust\u00edn de Iturbide el 27 de septiembre de 1821, pero un 16 de marzo de 1830 se suscit\u00f3 un hecho intranscendente que provoc\u00f3 un conflicto b\u00e9lico entre dos pa\u00edses que anteriormente no hab\u00edan tenido problema alguno: M\u00e9xico y Francia.<br \/>\nHab\u00eda cierto reacomodo de franceses establecidos en M\u00e9xico, algunos se dedicaban al comercio, otros eran artesanos y entre ellos algunos eran panaderos. Un febrero 6 de 1838 llega a Veracruz una escuadrilla Francesa a las \u00f3rdenes del Comandante \u201cVazoche\u201d para reclamar por la v\u00eda de las armas una supuesta deuda del Gobierno Mexicano con ciudadanos Franceses radicados en M\u00e9xico, inici\u00e1ndose as\u00ed la primera invasi\u00f3n Francesa en la llamada \u201cGuerra de los pasteles\u201d. La Revoluci\u00f3n de la Acordada (Nombre del edificio donde estaban los partidarios de Vicente Guerrero levantados luego de las elecciones Presidenciales celebrada en 1828 lo que propici\u00f3 que una muchedumbre saliera a saquear comercios ubicados cerca del Parian. Le llamaron la guerra de los pasteles debido a que un pastelero Franc\u00e9s exager\u00f3 una cuenta que no le quisieron pagar en 1832 los soldados de Santa Anna asegurando que se hab\u00edan comido 60 mil pesos de pasteles.<br \/>\nUno de ellos residente en Tacubaya llamado R. Remontel se sinti\u00f3 muy agraviado por unos oficiales del ej\u00e9rcito de Antonio L\u00f3pez de Santa Anna pues se hab\u00edan comido algunos pasteles de su negocio y se hab\u00edan retirado sin pagar (\u00bf?) por lo que reclam\u00f3 a las autoridades y pidi\u00f3 una indemnizaci\u00f3n por $60,000, desde luego una cifra enorme para el da\u00f1o ocasionado, a\u00f1adido el reclamo de otros franceses por otros hechos ante el c\u00f3nsul de su Pa\u00eds.<br \/>\nEl presidente mexicano Andr\u00e9s Bustamante se neg\u00f3 a pagar aquel dinero que para entonces se hab\u00eda elevado a $600,000 (m\u00e1s???).<br \/>\nAnte aquella negativa el gobierno franc\u00e9s envi\u00f3 a M\u00e9xico una flotilla de guerra que se concentraron en la Isla de los Sacrificios en plan de ataque y siti\u00f3 el Puerto de Veracruz por varios meses.<br \/>\nEl presidente Bustamante orden\u00f3 el bloqueo de aquellas embarcaciones en aquel lugar y aparece Santa Anna que reci\u00e9n hab\u00eda sido nombrado defensor de Veracruz dando principio a una guerra que durar\u00eda hasta 1838 en San Juan de Ul\u00faa.<br \/>\nEn esa lucha Santa Anna result\u00f3 herido en una pierna que le fue amputada, vali\u00e9ndole esto ser considerado un h\u00e9roe nacional y recibiendo fuerza pol\u00edtica por aquel hecho para que regresara en repetidas ocasiones al poder. Santa Anna le rendir\u00eda honores militares a su pierna separada de su cuerpo y en un desfile mortuorio le dar\u00eda personalmente cristiana sepultura.<br \/>\nEl 19 de marzo de 1939 se firm\u00f3 un acuerdo para pagar aquella deuda y as\u00ed quedara olvidada aquella ofensa (\u00bf?).<br \/>\nM\u00e9xico perdi\u00f3 esa guerra como otras m\u00e1s y tuvo que pagar aquellos $600,000 de indemnizaci\u00f3n reclamados.<br \/>\nPosteriormente llegar\u00eda Maximiliano de Amsburgo a poner orden en el Pa\u00eds pero por muy poco tiempo.<br \/>\nM\u00e9xico y Francia no volver\u00edan a pelear jam\u00e1s y ni los oficiales ni los ciudadanos mexicanos volver\u00edan a huir sin pagar pasteles franceses.<br \/>\nGracias.<\/p>\n","protected":false},"excerpt":{"rendered":"<p>Cadereyta Jim\u00e9nez, N. L.- M\u00e9xico viv\u00eda el principio de una independencia reci\u00e9n consumada por Agust\u00edn de Iturbide el 27 de septiembre de 1821, pero un 16 de marzo de 1830 se suscit\u00f3 un hecho intranscendente que provoc\u00f3 un conflicto b\u00e9lico entre dos pa\u00edses que anteriormente no hab\u00edan tenido problema alguno: M\u00e9xico y Francia. Hab\u00eda cierto [&hellip;]<\/p>\n","protected":false},"author":9,"featured_media":215,"comment_status":"open","ping_status":"closed","sticky":false,"template":"","format":"standard","meta":{"footnotes":""},"categories":[1],"tags":[879,1171],"class_list":["post-214","post","type-post","status-publish","format-standard","has-post-thumbnail","hentry","category-noticias","tag-dr-jose-ascencion-tijerina-flores","tag-guerra-de-los-pasteles"],"_links":{"self":[{"href":"https:\/\/laultimapalabra.com.mx\/portal\/wp-json\/wp\/v2\/posts\/214","targetHints":{"allow":["GET"]}}],"collection":[{"href":"https:\/\/laultimapalabra.com.mx\/portal\/wp-json\/wp\/v2\/posts"}],"about":[{"href":"https:\/\/laultimapalabra.com.mx\/portal\/wp-json\/wp\/v2\/types\/post"}],"author":[{"embeddable":true,"href":"https:\/\/laultimapalabra.com.mx\/portal\/wp-json\/wp\/v2\/users\/9"}],"replies":[{"embeddable":true,"href":"https:\/\/laultimapalabra.com.mx\/portal\/wp-json\/wp\/v2\/comments?post=214"}],"version-history":[{"count":1,"href":"https:\/\/laultimapalabra.com.mx\/portal\/wp-json\/wp\/v2\/posts\/214\/revisions"}],"predecessor-version":[{"id":63173,"href":"https:\/\/laultimapalabra.com.mx\/portal\/wp-json\/wp\/v2\/posts\/214\/revisions\/63173"}],"wp:featuredmedia":[{"embeddable":true,"href":"https:\/\/laultimapalabra.com.mx\/portal\/wp-json\/"}],"wp:attachment":[{"href":"https:\/\/laultimapalabra.com.mx\/portal\/wp-json\/wp\/v2\/media?parent=214"}],"wp:term":[{"taxonomy":"category","embeddable":true,"href":"https:\/\/laultimapalabra.com.mx\/portal\/wp-json\/wp\/v2\/categories?post=214"},{"taxonomy":"post_tag","embeddable":true,"href":"https:\/\/laultimapalabra.com.mx\/portal\/wp-json\/wp\/v2\/tags?post=214"}],"curies":[{"name":"wp","href":"https:\/\/api.w.org\/{rel}","templated":true}]}}