                       {"id":21410,"date":"2021-08-17T11:58:33","date_gmt":"2021-08-17T17:58:33","guid":{"rendered":"https:\/\/laultimapalabra.com.mx\/portal\/?p=21410"},"modified":"2024-12-11T10:15:15","modified_gmt":"2024-12-11T16:15:15","slug":"oferta-gobierno-de-juarez-mas-de-650-vacantes-en-su-feria-del-empleo","status":"publish","type":"post","link":"https:\/\/laultimapalabra.com.mx\/portal\/oferta-gobierno-de-juarez-mas-de-650-vacantes-en-su-feria-del-empleo\/","title":{"rendered":"Oferta Gobierno de Ju\u00e1rez m\u00e1s de 650 vacantes en su Feria del Empleo"},"content":{"rendered":"<p><span style=\"font-size: 1rem;\"><img loading=\"lazy\" decoding=\"async\" class=\"size-medium wp-image-21411 alignleft\" src=\"https:\/\/laultimapalabra.com.mx\/portal\/wp-content\/uploads\/2021\/08\/IMG-20210817-WA0008-300x200.jpg\" alt=\"\" width=\"300\" height=\"200\" srcset=\"https:\/\/laultimapalabra.com.mx\/portal\/wp-content\/uploads\/2021\/08\/IMG-20210817-WA0008-300x200.jpg 300w, https:\/\/laultimapalabra.com.mx\/portal\/wp-content\/uploads\/2021\/08\/IMG-20210817-WA0008-1024x682.jpg 1024w, https:\/\/laultimapalabra.com.mx\/portal\/wp-content\/uploads\/2021\/08\/IMG-20210817-WA0008-768x512.jpg 768w, https:\/\/laultimapalabra.com.mx\/portal\/wp-content\/uploads\/2021\/08\/IMG-20210817-WA0008-1536x1023.jpg 1536w, https:\/\/laultimapalabra.com.mx\/portal\/wp-content\/uploads\/2021\/08\/IMG-20210817-WA0008.jpg 1600w\" sizes=\"auto, (max-width: 300px) 100vw, 300px\" \/>Ju\u00e1rez, N.L.- El Gobierno Municipal de Ju\u00e1rez realiz\u00f3 una edici\u00f3n m\u00e1s de su Feria del Empleo que peri\u00f3dicamente organiza para acercar una oportunidad de trabajo a quien m\u00e1s lo necesite.<\/span><\/p>\n<p>En esta ocasi\u00f3n fueron m\u00e1s de 25 empresas las que participaron para el reclutamiento de personal, donde asistieron m\u00e1s de 80 ciudadanos, ofertando 650 vacantes.<br \/>\nTodos los asistentes se dieron cita desde temprana hora para revisar los diferentes tipos de empleos tales como: operarios, montacarguistas, choferes, vigilantes, soldadores, limpieza, administrativos, entre otros.<br \/>\nCabe mencionar que esta feria fue exclusivamente con empresas instaladas en Ju\u00e1rez, con el fin de que los ciudadanos ubiquen su trabajo en la misma ciudad sin tener que salir a otros municipios vecinos.<br \/>\nPara los que no hayan podido asistir, pueden acudir a la Direcci\u00f3n de Empleo de lunes a viernes de las 8:00 a las 17:00 horas o bien comunicarse al tel\u00e9fono: 81-34-23-84-90, extensi\u00f3n 8537, 8538,8539 para recibir mayor informaci\u00f3n.<\/p>\n","protected":false},"excerpt":{"rendered":"<p>Ju\u00e1rez, N.L.- El Gobierno Municipal de Ju\u00e1rez realiz\u00f3 una edici\u00f3n m\u00e1s de su Feria del Empleo que peri\u00f3dicamente organiza para acercar una oportunidad de trabajo a quien m\u00e1s lo necesite. En esta ocasi\u00f3n fueron m\u00e1s de 25 empresas las que participaron para el reclutamiento de personal, donde asistieron m\u00e1s de 80 ciudadanos, ofertando 650 vacantes. [&hellip;]<\/p>\n","protected":false},"author":9,"featured_media":21412,"comment_status":"closed","ping_status":"closed","sticky":false,"template":"","format":"standard","meta":{"footnotes":""},"categories":[18],"tags":[1062,3076],"class_list":["post-21410","post","type-post","status-publish","format-standard","has-post-thumbnail","hentry","category-locales-juarez","tag-feria-del-empleo-juarez","tag-fuente-la-ultima-palabra"],"_links":{"self":[{"href":"https:\/\/laultimapalabra.com.mx\/portal\/wp-json\/wp\/v2\/posts\/21410","targetHints":{"allow":["GET"]}}],"collection":[{"href":"https:\/\/laultimapalabra.com.mx\/portal\/wp-json\/wp\/v2\/posts"}],"about":[{"href":"https:\/\/laultimapalabra.com.mx\/portal\/wp-json\/wp\/v2\/types\/post"}],"author":[{"embeddable":true,"href":"https:\/\/laultimapalabra.com.mx\/portal\/wp-json\/wp\/v2\/users\/9"}],"replies":[{"embeddable":true,"href":"https:\/\/laultimapalabra.com.mx\/portal\/wp-json\/wp\/v2\/comments?post=21410"}],"version-history":[{"count":2,"href":"https:\/\/laultimapalabra.com.mx\/portal\/wp-json\/wp\/v2\/posts\/21410\/revisions"}],"predecessor-version":[{"id":73754,"href":"https:\/\/laultimapalabra.com.mx\/portal\/wp-json\/wp\/v2\/posts\/21410\/revisions\/73754"}],"wp:featuredmedia":[{"embeddable":true,"href":"https:\/\/laultimapalabra.com.mx\/portal\/wp-json\/wp\/v2\/media\/21412"}],"wp:attachment":[{"href":"https:\/\/laultimapalabra.com.mx\/portal\/wp-json\/wp\/v2\/media?parent=21410"}],"wp:term":[{"taxonomy":"category","embeddable":true,"href":"https:\/\/laultimapalabra.com.mx\/portal\/wp-json\/wp\/v2\/categories?post=21410"},{"taxonomy":"post_tag","embeddable":true,"href":"https:\/\/laultimapalabra.com.mx\/portal\/wp-json\/wp\/v2\/tags?post=21410"}],"curies":[{"name":"wp","href":"https:\/\/api.w.org\/{rel}","templated":true}]}}