                       {"id":21554,"date":"2021-08-23T11:00:42","date_gmt":"2021-08-23T17:00:42","guid":{"rendered":"https:\/\/laultimapalabra.com.mx\/portal\/?p=21554"},"modified":"2024-12-11T10:15:19","modified_gmt":"2024-12-11T16:15:19","slug":"embiste-conductor-a-asaltantes","status":"publish","type":"post","link":"https:\/\/laultimapalabra.com.mx\/portal\/embiste-conductor-a-asaltantes\/","title":{"rendered":"Embiste conductor a asaltantes"},"content":{"rendered":"<p><span style=\"font-size: 1rem;\"><img loading=\"lazy\" decoding=\"async\" class=\"size-medium wp-image-21551 alignleft\" src=\"https:\/\/laultimapalabra.com.mx\/portal\/wp-content\/uploads\/2021\/08\/IMG-20210823-WA0008-300x232.jpg\" alt=\"\" width=\"300\" height=\"232\" srcset=\"https:\/\/laultimapalabra.com.mx\/portal\/wp-content\/uploads\/2021\/08\/IMG-20210823-WA0008-300x232.jpg 300w, https:\/\/laultimapalabra.com.mx\/portal\/wp-content\/uploads\/2021\/08\/IMG-20210823-WA0008-768x594.jpg 768w, https:\/\/laultimapalabra.com.mx\/portal\/wp-content\/uploads\/2021\/08\/IMG-20210823-WA0008.jpg 960w\" sizes=\"auto, (max-width: 300px) 100vw, 300px\" \/>Cadereyta Jim\u00e9nez, N.L.-<\/span><\/p>\n<p>Alrededor de las 10:30 de la noche del d\u00eda de ayer, un conductor de un autom\u00f3vil fue asaltado por dos hombres que se trasladaban en una motocicleta italika DM 200 de color amarillo con negro.<br \/>\nFrancisco Jos\u00e9, quien conducia su auto Peugeot en color azul, fue despojado de 3mil pesos y un celular, por lo que decidi\u00f3 perseguir a los delincuentes y al darles alcance los impact\u00f3 a la altura del kil\u00f3metro 27, frente a Lomas de los Pilares en el municipio de Cadereyta.<br \/>\nEl saldo del percance fueron los da\u00f1os materiales de ambos veh\u00edculos; mientras que el motociclista result\u00f3 con lesiones, pero fue puesto a disposici\u00f3n de la Polic\u00eda Municipal para su investigaci\u00f3n, mientras su acompa\u00f1ante se dio a la fuga.<br \/>\nAl lugar tambi\u00e9n arribaron elementos de tr\u00e1nsito municipal, para deslindar responsabilidades de los hechos.<\/p>\n<p>Fuente: La \u00daltima Palabra<\/p>\n","protected":false},"excerpt":{"rendered":"<p>Cadereyta Jim\u00e9nez, N.L.- Alrededor de las 10:30 de la noche del d\u00eda de ayer, un conductor de un autom\u00f3vil fue asaltado por dos hombres que se trasladaban en una motocicleta italika DM 200 de color amarillo con negro. Francisco Jos\u00e9, quien conducia su auto Peugeot en color azul, fue despojado de 3mil pesos y un [&hellip;]<\/p>\n","protected":false},"author":9,"featured_media":21552,"comment_status":"closed","ping_status":"closed","sticky":false,"template":"","format":"standard","meta":{"footnotes":""},"categories":[8,9],"tags":[189,551,3076],"class_list":["post-21554","post","type-post","status-publish","format-standard","has-post-thumbnail","hentry","category-seguridad","category-seguridad-cadereyta","tag-asaltos-cadereyta","tag-choques-cadereyta","tag-fuente-la-ultima-palabra"],"_links":{"self":[{"href":"https:\/\/laultimapalabra.com.mx\/portal\/wp-json\/wp\/v2\/posts\/21554","targetHints":{"allow":["GET"]}}],"collection":[{"href":"https:\/\/laultimapalabra.com.mx\/portal\/wp-json\/wp\/v2\/posts"}],"about":[{"href":"https:\/\/laultimapalabra.com.mx\/portal\/wp-json\/wp\/v2\/types\/post"}],"author":[{"embeddable":true,"href":"https:\/\/laultimapalabra.com.mx\/portal\/wp-json\/wp\/v2\/users\/9"}],"replies":[{"embeddable":true,"href":"https:\/\/laultimapalabra.com.mx\/portal\/wp-json\/wp\/v2\/comments?post=21554"}],"version-history":[{"count":2,"href":"https:\/\/laultimapalabra.com.mx\/portal\/wp-json\/wp\/v2\/posts\/21554\/revisions"}],"predecessor-version":[{"id":73822,"href":"https:\/\/laultimapalabra.com.mx\/portal\/wp-json\/wp\/v2\/posts\/21554\/revisions\/73822"}],"wp:featuredmedia":[{"embeddable":true,"href":"https:\/\/laultimapalabra.com.mx\/portal\/wp-json\/wp\/v2\/media\/21552"}],"wp:attachment":[{"href":"https:\/\/laultimapalabra.com.mx\/portal\/wp-json\/wp\/v2\/media?parent=21554"}],"wp:term":[{"taxonomy":"category","embeddable":true,"href":"https:\/\/laultimapalabra.com.mx\/portal\/wp-json\/wp\/v2\/categories?post=21554"},{"taxonomy":"post_tag","embeddable":true,"href":"https:\/\/laultimapalabra.com.mx\/portal\/wp-json\/wp\/v2\/tags?post=21554"}],"curies":[{"name":"wp","href":"https:\/\/api.w.org\/{rel}","templated":true}]}}