                       {"id":2164,"date":"2018-06-15T04:26:09","date_gmt":"2018-06-15T04:26:09","guid":{"rendered":"http:\/\/laultimapalabra.info\/?p=2164"},"modified":"2024-12-11T08:37:17","modified_gmt":"2024-12-11T14:37:17","slug":"demanda-preciado-a-tenchis-garcia","status":"publish","type":"post","link":"https:\/\/laultimapalabra.com.mx\/portal\/demanda-preciado-a-tenchis-garcia\/","title":{"rendered":"Demanda Preciado a Tenchis Garc\u00eda"},"content":{"rendered":"<p style=\"text-align: left;\"><img loading=\"lazy\" decoding=\"async\" class=\"size-medium wp-image-2165 alignright\" src=\"https:\/\/laultimapalabra.com.mx\/portal\/wp-content\/uploads\/2018\/06\/489f9a06-f730-4c2d-bef3-a1f76864d3a9-300x225.jpg\" alt=\"\" width=\"300\" height=\"225\"><\/p>\n<p>Revela la candidata del PAN durante el debate, que alcalde jimenense interpone una demanda por buscar investigaci\u00f3n en su contra<\/p>\n<p style=\"text-align: left;\">Miguel Oscar P\u00e9rez<br \/>\nCADEREYTA JIM\u00c9NEZ, N.L.-<br \/>\nDurante el debate de hoy entre los candidatos para la alcald\u00eda de Cadereyta, sorprendi\u00f3 la candidata por el albiazul, Tenchis Garc\u00eda, al revelar que enfrenta una demanda por el alcalde Santiago Preciado, a quien asegura investigar\u00e1 hasta sus \u00faltimas con secuencias.<br \/>\nFuer durante la intervenci\u00f3n de la aspirante por el Partido Acci\u00f3n Nacional en el tema dos de Combate a la corrupci\u00f3n en su primera r\u00e9plica cuando dio a conocer el hecho jur\u00eddico en su contra.<br \/>\n\u201cSabemos que la gente de Cadereyta ya no quiere rollos ni promesas para combatir la corrupci\u00f3n, para que vean que voy en serio contra ese c\u00e1ncer Les comparto que he sido demandada por el alcalde Preciado, porque soy la \u00fanica en esta campa\u00f1a que le ha exigido cuentas claras. \u00a1Que d\u00e9 la cara!\u201d, dijo sobre ese tema<br \/>\nAdem\u00e1s en claro mensaje al edil jimenense continu\u00f3: \u201cA mi nada me va a detener, \u00a1tope donde tope no me importa! Mucha corrupci\u00f3n\u2026\u00a1Ya p\u00e1rele doctor Preciado, ya p\u00e1rele!<br \/>\nEn el mismo tema de Combate a la Corrupci\u00f3n, en su segunda r\u00e9plica retomo el tema la rubia candidata, narrando que hab\u00eda recibido un dibujo donde dec\u00eda: \u201cTenchis: eres la voz de los que no tienen voz\u201d.<br \/>\n\u201cY claro que lo seguir\u00e9 siendo, aunque me cueste que el alcalde Preciado me demande. Dice que lo difamo lo que lo difama son sus actos y los de su pandilla. Ya me estoy defendiendo legalmente de \u00e9l\u201d, mencion\u00f3.<br \/>\nAntes de concluir su r\u00e9plica mencion\u00f3: \u00a1Porque las mujeres tambi\u00e9n podemos! Para tomar en sus manos la demanda y mostrarla al p\u00fablico presente y a las c\u00e1maras que transmit\u00edan el debate en vivo efectuado desde las 10 de la ma\u00f1ana en el Hotel Mar\u00eda Luisa.<br \/>\nTrascendi\u00f3 adem\u00e1s que aparte de la demanda presentada, el alcalde Santiago Preciado tiene alistada algunas denuncias penales en contra de la aspirante ciudadana por Acci\u00f3n Nacional.<\/p>\n","protected":false},"excerpt":{"rendered":"<p>Revela la candidata del PAN durante el debate, que alcalde jimenense interpone una demanda por buscar investigaci\u00f3n en su contra Miguel Oscar P\u00e9rez CADEREYTA JIM\u00c9NEZ, N.L.- Durante el debate de hoy entre los candidatos para la alcald\u00eda de Cadereyta, sorprendi\u00f3 la candidata por el albiazul, Tenchis Garc\u00eda, al revelar que enfrenta una demanda por el [&hellip;]<\/p>\n","protected":false},"author":9,"featured_media":2165,"comment_status":"open","ping_status":"closed","sticky":false,"template":"","format":"standard","meta":{"footnotes":""},"categories":[17],"tags":[1692,2195],"class_list":["post-2164","post","type-post","status-publish","format-standard","has-post-thumbnail","hentry","category-locales-cadereyta","tag-pan-cadereyta","tag-tenchis-garcia"],"_links":{"self":[{"href":"https:\/\/laultimapalabra.com.mx\/portal\/wp-json\/wp\/v2\/posts\/2164","targetHints":{"allow":["GET"]}}],"collection":[{"href":"https:\/\/laultimapalabra.com.mx\/portal\/wp-json\/wp\/v2\/posts"}],"about":[{"href":"https:\/\/laultimapalabra.com.mx\/portal\/wp-json\/wp\/v2\/types\/post"}],"author":[{"embeddable":true,"href":"https:\/\/laultimapalabra.com.mx\/portal\/wp-json\/wp\/v2\/users\/9"}],"replies":[{"embeddable":true,"href":"https:\/\/laultimapalabra.com.mx\/portal\/wp-json\/wp\/v2\/comments?post=2164"}],"version-history":[{"count":1,"href":"https:\/\/laultimapalabra.com.mx\/portal\/wp-json\/wp\/v2\/posts\/2164\/revisions"}],"predecessor-version":[{"id":64175,"href":"https:\/\/laultimapalabra.com.mx\/portal\/wp-json\/wp\/v2\/posts\/2164\/revisions\/64175"}],"wp:featuredmedia":[{"embeddable":true,"href":"https:\/\/laultimapalabra.com.mx\/portal\/wp-json\/"}],"wp:attachment":[{"href":"https:\/\/laultimapalabra.com.mx\/portal\/wp-json\/wp\/v2\/media?parent=2164"}],"wp:term":[{"taxonomy":"category","embeddable":true,"href":"https:\/\/laultimapalabra.com.mx\/portal\/wp-json\/wp\/v2\/categories?post=2164"},{"taxonomy":"post_tag","embeddable":true,"href":"https:\/\/laultimapalabra.com.mx\/portal\/wp-json\/wp\/v2\/tags?post=2164"}],"curies":[{"name":"wp","href":"https:\/\/api.w.org\/{rel}","templated":true}]}}