                       {"id":21652,"date":"2021-08-27T14:27:45","date_gmt":"2021-08-27T20:27:45","guid":{"rendered":"https:\/\/laultimapalabra.com.mx\/portal\/?p=21652"},"modified":"2024-12-11T10:15:21","modified_gmt":"2024-12-11T16:15:21","slug":"aplicaran-vacuna-contra-covid-a-personas-de-18-a-29-anos-del-30-al-01-de-septiembre","status":"publish","type":"post","link":"https:\/\/laultimapalabra.com.mx\/portal\/aplicaran-vacuna-contra-covid-a-personas-de-18-a-29-anos-del-30-al-01-de-septiembre\/","title":{"rendered":"Aplicar\u00e1n vacuna contra Covid a personas de 18 a 29 a\u00f1os del 30 al 01 de Septiembre"},"content":{"rendered":"<p><img loading=\"lazy\" decoding=\"async\" class=\"size-medium wp-image-21653 alignleft\" src=\"https:\/\/laultimapalabra.com.mx\/portal\/wp-content\/uploads\/2021\/08\/IMG-20210827-WA0023-300x194.jpg\" alt=\"\" width=\"300\" height=\"194\" srcset=\"https:\/\/laultimapalabra.com.mx\/portal\/wp-content\/uploads\/2021\/08\/IMG-20210827-WA0023-300x194.jpg 300w, https:\/\/laultimapalabra.com.mx\/portal\/wp-content\/uploads\/2021\/08\/IMG-20210827-WA0023-1024x662.jpg 1024w, https:\/\/laultimapalabra.com.mx\/portal\/wp-content\/uploads\/2021\/08\/IMG-20210827-WA0023-768x497.jpg 768w, https:\/\/laultimapalabra.com.mx\/portal\/wp-content\/uploads\/2021\/08\/IMG-20210827-WA0023.jpg 1280w\" sizes=\"auto, (max-width: 300px) 100vw, 300px\" \/>Ju\u00e1rez, N.L.- El Gobierno Municipal de Ju\u00e1rez en coordinaci\u00f3n con la Secretar\u00eda de Bienestar y la Secretar\u00eda de la Defensa Nacional, informaron que ya se llevar\u00e1 a cabo la primera aplicaci\u00f3n de la vacuna contra el Covid 19 a las personas que comprenden las edades de 18 a 29 a\u00f1os, mujeres embarazadas mayores de 18 a\u00f1os y con al menos 8 semanas gestaci\u00f3n, as\u00ed como tambi\u00e9n rezagados mayores de 30.<br \/>\nEsta nueva jornada de vacunaci\u00f3n comprender\u00e1n los d\u00edas del 30 de agosto al 1 de septiembre del presente a\u00f1o, donde se estar\u00e1n aplicando d\u00f3sis de la farmac\u00e9utica Moderna, en horario de las 8:00am hasta las 15 horas.<br \/>\nCabe mencionar que habr\u00e1 cambios en la log\u00edstica de acuerdo a lo que ya se ten\u00eda establecido en meses anteriores, por lo que se pide poner atenci\u00f3n en los horarios y puntos de vacunaci\u00f3n.<br \/>\nLos horarios y centros de vacunaci\u00f3n quedan de la siguiente manera:<br \/>\nLunes 30 de agosto \u2013 8:00 am A-B, 11:00 am C-D-E 14:00 F-G-H.<br \/>\nMartes 31 de agosto- 8:00 am I-J-K, 11:00 am L-M, 14:00 N-\u00d1-O.<br \/>\nMi\u00e9rcoles 1 de septiembre- 8:00 am P-Q-R, 11:00 am S-T-U, 14:00 V-W-X-Y-Z.<br \/>\nLos puntos para la aplicaci\u00f3n de la dosis Moderna ser\u00e1n los de costumbre: Drive Thru- Av. Eloy Cavazos y Carretera a San Mateo;<br \/>\nPolivalente Villas de San Jos\u00e9; Polivalente Monteverde; Polivalente Santa M\u00f3nica y Polivalente Los Puertos.<br \/>\nDe manera atenta se solicita a la poblaci\u00f3n juarense que acudan con su hoja de registro completa con sus datos personales, as\u00ed como el INE, comprobante de domicilio, respetando el horario establecido evitando llegar con horas de anticipaci\u00f3n.<\/p>\n<p>&nbsp;<\/p>\n","protected":false},"excerpt":{"rendered":"<p>Ju\u00e1rez, N.L.- El Gobierno Municipal de Ju\u00e1rez en coordinaci\u00f3n con la Secretar\u00eda de Bienestar y la Secretar\u00eda de la Defensa Nacional, informaron que ya se llevar\u00e1 a cabo la primera aplicaci\u00f3n de la vacuna contra el Covid 19 a las personas que comprenden las edades de 18 a 29 a\u00f1os, mujeres embarazadas mayores de 18 [&hellip;]<\/p>\n","protected":false},"author":9,"featured_media":21653,"comment_status":"closed","ping_status":"closed","sticky":false,"template":"","format":"standard","meta":{"footnotes":""},"categories":[18],"tags":[3076,2768],"class_list":["post-21652","post","type-post","status-publish","format-standard","has-post-thumbnail","hentry","category-locales-juarez","tag-fuente-la-ultima-palabra","tag-vacunacion-covid-juarez"],"_links":{"self":[{"href":"https:\/\/laultimapalabra.com.mx\/portal\/wp-json\/wp\/v2\/posts\/21652","targetHints":{"allow":["GET"]}}],"collection":[{"href":"https:\/\/laultimapalabra.com.mx\/portal\/wp-json\/wp\/v2\/posts"}],"about":[{"href":"https:\/\/laultimapalabra.com.mx\/portal\/wp-json\/wp\/v2\/types\/post"}],"author":[{"embeddable":true,"href":"https:\/\/laultimapalabra.com.mx\/portal\/wp-json\/wp\/v2\/users\/9"}],"replies":[{"embeddable":true,"href":"https:\/\/laultimapalabra.com.mx\/portal\/wp-json\/wp\/v2\/comments?post=21652"}],"version-history":[{"count":2,"href":"https:\/\/laultimapalabra.com.mx\/portal\/wp-json\/wp\/v2\/posts\/21652\/revisions"}],"predecessor-version":[{"id":73870,"href":"https:\/\/laultimapalabra.com.mx\/portal\/wp-json\/wp\/v2\/posts\/21652\/revisions\/73870"}],"wp:featuredmedia":[{"embeddable":true,"href":"https:\/\/laultimapalabra.com.mx\/portal\/wp-json\/wp\/v2\/media\/21653"}],"wp:attachment":[{"href":"https:\/\/laultimapalabra.com.mx\/portal\/wp-json\/wp\/v2\/media?parent=21652"}],"wp:term":[{"taxonomy":"category","embeddable":true,"href":"https:\/\/laultimapalabra.com.mx\/portal\/wp-json\/wp\/v2\/categories?post=21652"},{"taxonomy":"post_tag","embeddable":true,"href":"https:\/\/laultimapalabra.com.mx\/portal\/wp-json\/wp\/v2\/tags?post=21652"}],"curies":[{"name":"wp","href":"https:\/\/api.w.org\/{rel}","templated":true}]}}