                       {"id":21709,"date":"2021-08-29T02:11:26","date_gmt":"2021-08-29T08:11:26","guid":{"rendered":"https:\/\/laultimapalabra.com.mx\/portal\/?p=21709"},"modified":"2024-12-11T10:15:23","modified_gmt":"2024-12-11T16:15:23","slug":"deja-choque-frontal-dos-lesionados-en-cadereyta","status":"publish","type":"post","link":"https:\/\/laultimapalabra.com.mx\/portal\/deja-choque-frontal-dos-lesionados-en-cadereyta\/","title":{"rendered":"Deja choque frontal dos lesionados en Cadereyta"},"content":{"rendered":"<p><span style=\"font-size: 1rem;\"><img loading=\"lazy\" decoding=\"async\" class=\"size-medium wp-image-21697 alignleft\" src=\"https:\/\/laultimapalabra.com.mx\/portal\/wp-content\/uploads\/2021\/08\/IMG-20210828-WA0081-300x169.jpg\" alt=\"\" width=\"300\" height=\"169\" srcset=\"https:\/\/laultimapalabra.com.mx\/portal\/wp-content\/uploads\/2021\/08\/IMG-20210828-WA0081-300x169.jpg 300w, https:\/\/laultimapalabra.com.mx\/portal\/wp-content\/uploads\/2021\/08\/IMG-20210828-WA0081-1024x576.jpg 1024w, https:\/\/laultimapalabra.com.mx\/portal\/wp-content\/uploads\/2021\/08\/IMG-20210828-WA0081-768x432.jpg 768w, https:\/\/laultimapalabra.com.mx\/portal\/wp-content\/uploads\/2021\/08\/IMG-20210828-WA0081.jpg 1280w\" sizes=\"auto, (max-width: 300px) 100vw, 300px\" \/>Cadereyta Jim\u00e9nez, N.L.- Fue aproximadamente a las 20:30 horas de ayer s\u00e1bado cuando un fuerte choque frontal dej\u00f3 dos hombres lesionados en Cadereyta.<\/span><\/p>\n<p>Un autom\u00f3vil spark de una compa\u00f1\u00eda de telefon\u00eda e Internet y otro veh\u00edculo Sierra, fueron los protagonistas del accidente vial en el cual los dos conductores, resultaron con lesiones; el conductor de la empresa fue trasladado a la clinica n\u00famero 14, mientras que el otro fue llevado a la cl\u00ednica San Andr\u00e9s.<br \/>\nLos hechos se dieron en el boulevard Benito Ju\u00e1rez en el cruce con Prolongaci\u00f3n Gonzalitos, a la altura de la sub estaci\u00f3n de la Comisi\u00f3n Federal de Electricidad.<br \/>\nEl presunto responsable del auto Spark di\u00f3 vuelta en U como es de costumbre en ese lugar y fue impactado por un costado por la camioneta.<br \/>\nAl lugar acudieron Servicios de Emergencias Cadereyta y elementos de Tr\u00e1nsito Municipal para auxiliar a los conductores e iniciar las investigaciones para deslindar responsabilidades.<\/p>\n<p>Fuente: La \u00daltima Palabra<\/p>\n","protected":false},"excerpt":{"rendered":"<p>Cadereyta Jim\u00e9nez, N.L.- Fue aproximadamente a las 20:30 horas de ayer s\u00e1bado cuando un fuerte choque frontal dej\u00f3 dos hombres lesionados en Cadereyta. Un autom\u00f3vil spark de una compa\u00f1\u00eda de telefon\u00eda e Internet y otro veh\u00edculo Sierra, fueron los protagonistas del accidente vial en el cual los dos conductores, resultaron con lesiones; el conductor de [&hellip;]<\/p>\n","protected":false},"author":9,"featured_media":21698,"comment_status":"closed","ping_status":"closed","sticky":false,"template":"","format":"standard","meta":{"footnotes":""},"categories":[8,9],"tags":[2747,3076],"class_list":["post-21709","post","type-post","status-publish","format-standard","has-post-thumbnail","hentry","category-seguridad","category-seguridad-cadereyta","tag-accidentes-viales-cadereyta","tag-fuente-la-ultima-palabra"],"_links":{"self":[{"href":"https:\/\/laultimapalabra.com.mx\/portal\/wp-json\/wp\/v2\/posts\/21709","targetHints":{"allow":["GET"]}}],"collection":[{"href":"https:\/\/laultimapalabra.com.mx\/portal\/wp-json\/wp\/v2\/posts"}],"about":[{"href":"https:\/\/laultimapalabra.com.mx\/portal\/wp-json\/wp\/v2\/types\/post"}],"author":[{"embeddable":true,"href":"https:\/\/laultimapalabra.com.mx\/portal\/wp-json\/wp\/v2\/users\/9"}],"replies":[{"embeddable":true,"href":"https:\/\/laultimapalabra.com.mx\/portal\/wp-json\/wp\/v2\/comments?post=21709"}],"version-history":[{"count":2,"href":"https:\/\/laultimapalabra.com.mx\/portal\/wp-json\/wp\/v2\/posts\/21709\/revisions"}],"predecessor-version":[{"id":73894,"href":"https:\/\/laultimapalabra.com.mx\/portal\/wp-json\/wp\/v2\/posts\/21709\/revisions\/73894"}],"wp:featuredmedia":[{"embeddable":true,"href":"https:\/\/laultimapalabra.com.mx\/portal\/wp-json\/wp\/v2\/media\/21698"}],"wp:attachment":[{"href":"https:\/\/laultimapalabra.com.mx\/portal\/wp-json\/wp\/v2\/media?parent=21709"}],"wp:term":[{"taxonomy":"category","embeddable":true,"href":"https:\/\/laultimapalabra.com.mx\/portal\/wp-json\/wp\/v2\/categories?post=21709"},{"taxonomy":"post_tag","embeddable":true,"href":"https:\/\/laultimapalabra.com.mx\/portal\/wp-json\/wp\/v2\/tags?post=21709"}],"curies":[{"name":"wp","href":"https:\/\/api.w.org\/{rel}","templated":true}]}}