                       {"id":21711,"date":"2021-08-29T02:17:31","date_gmt":"2021-08-29T08:17:31","guid":{"rendered":"https:\/\/laultimapalabra.com.mx\/portal\/?p=21711"},"modified":"2024-12-11T10:15:23","modified_gmt":"2024-12-11T16:15:23","slug":"otro-encontronazo-la-noche-del-sabado-en-cadereyta","status":"publish","type":"post","link":"https:\/\/laultimapalabra.com.mx\/portal\/otro-encontronazo-la-noche-del-sabado-en-cadereyta\/","title":{"rendered":"Otro encontronazo la noche del s\u00e1bado en Cadereyta"},"content":{"rendered":"<p><span style=\"font-size: 1rem;\"><img loading=\"lazy\" decoding=\"async\" class=\"size-medium wp-image-21701 alignleft\" src=\"https:\/\/laultimapalabra.com.mx\/portal\/wp-content\/uploads\/2021\/08\/IMG-20210829-WA0002-300x135.jpg\" alt=\"\" width=\"300\" height=\"135\" srcset=\"https:\/\/laultimapalabra.com.mx\/portal\/wp-content\/uploads\/2021\/08\/IMG-20210829-WA0002-300x135.jpg 300w, https:\/\/laultimapalabra.com.mx\/portal\/wp-content\/uploads\/2021\/08\/IMG-20210829-WA0002-1024x461.jpg 1024w, https:\/\/laultimapalabra.com.mx\/portal\/wp-content\/uploads\/2021\/08\/IMG-20210829-WA0002-768x346.jpg 768w, https:\/\/laultimapalabra.com.mx\/portal\/wp-content\/uploads\/2021\/08\/IMG-20210829-WA0002-1536x691.jpg 1536w, https:\/\/laultimapalabra.com.mx\/portal\/wp-content\/uploads\/2021\/08\/IMG-20210829-WA0002.jpg 1600w\" sizes=\"auto, (max-width: 300px) 100vw, 300px\" \/>Cadereyta Jim\u00e9nez, N.L.<\/span><\/p>\n<p>Alrededor de las 23:00 del S\u00e1bado, otro choque de frente se di\u00f3 en el municipio de Cadereyta.<br \/>\nLos hechos se suscitaron en el libramiento Alfonso Mart\u00ednez Dom\u00ednguez, a la altura de la colonia Santa Mar\u00eda, donde particip\u00f3 una camioneta Ford Lobo de color blanco y una Jeep de color negro.<br \/>\nAfortunadamente y pese a lo aparatoso del accidente, no hubo lesionados y solo ocasion\u00f3 da\u00f1os materiales en ambos veh\u00edculos que fueron llevados al corral\u00f3n.<br \/>\nAl lugar acudieron elementos de Tr\u00e1nsito Municipal para deslindar responsabilidades.<\/p>\n<p>Fuente: La \u00daltima Palabra<\/p>\n","protected":false},"excerpt":{"rendered":"<p>Cadereyta Jim\u00e9nez, N.L. Alrededor de las 23:00 del S\u00e1bado, otro choque de frente se di\u00f3 en el municipio de Cadereyta. Los hechos se suscitaron en el libramiento Alfonso Mart\u00ednez Dom\u00ednguez, a la altura de la colonia Santa Mar\u00eda, donde particip\u00f3 una camioneta Ford Lobo de color blanco y una Jeep de color negro. Afortunadamente y [&hellip;]<\/p>\n","protected":false},"author":9,"featured_media":21700,"comment_status":"closed","ping_status":"closed","sticky":false,"template":"","format":"standard","meta":{"footnotes":""},"categories":[8,9],"tags":[2747,3076],"class_list":["post-21711","post","type-post","status-publish","format-standard","has-post-thumbnail","hentry","category-seguridad","category-seguridad-cadereyta","tag-accidentes-viales-cadereyta","tag-fuente-la-ultima-palabra"],"_links":{"self":[{"href":"https:\/\/laultimapalabra.com.mx\/portal\/wp-json\/wp\/v2\/posts\/21711","targetHints":{"allow":["GET"]}}],"collection":[{"href":"https:\/\/laultimapalabra.com.mx\/portal\/wp-json\/wp\/v2\/posts"}],"about":[{"href":"https:\/\/laultimapalabra.com.mx\/portal\/wp-json\/wp\/v2\/types\/post"}],"author":[{"embeddable":true,"href":"https:\/\/laultimapalabra.com.mx\/portal\/wp-json\/wp\/v2\/users\/9"}],"replies":[{"embeddable":true,"href":"https:\/\/laultimapalabra.com.mx\/portal\/wp-json\/wp\/v2\/comments?post=21711"}],"version-history":[{"count":2,"href":"https:\/\/laultimapalabra.com.mx\/portal\/wp-json\/wp\/v2\/posts\/21711\/revisions"}],"predecessor-version":[{"id":73896,"href":"https:\/\/laultimapalabra.com.mx\/portal\/wp-json\/wp\/v2\/posts\/21711\/revisions\/73896"}],"wp:featuredmedia":[{"embeddable":true,"href":"https:\/\/laultimapalabra.com.mx\/portal\/wp-json\/wp\/v2\/media\/21700"}],"wp:attachment":[{"href":"https:\/\/laultimapalabra.com.mx\/portal\/wp-json\/wp\/v2\/media?parent=21711"}],"wp:term":[{"taxonomy":"category","embeddable":true,"href":"https:\/\/laultimapalabra.com.mx\/portal\/wp-json\/wp\/v2\/categories?post=21711"},{"taxonomy":"post_tag","embeddable":true,"href":"https:\/\/laultimapalabra.com.mx\/portal\/wp-json\/wp\/v2\/tags?post=21711"}],"curies":[{"name":"wp","href":"https:\/\/api.w.org\/{rel}","templated":true}]}}