                       {"id":21714,"date":"2021-08-29T10:35:23","date_gmt":"2021-08-29T16:35:23","guid":{"rendered":"https:\/\/laultimapalabra.com.mx\/portal\/?p=21714"},"modified":"2024-12-11T10:15:23","modified_gmt":"2024-12-11T16:15:23","slug":"deja-dos-lesionados-choque-frontal-en-puente-gomez-morin","status":"publish","type":"post","link":"https:\/\/laultimapalabra.com.mx\/portal\/deja-dos-lesionados-choque-frontal-en-puente-gomez-morin\/","title":{"rendered":"Deja dos lesionados choque frontal en Puente G\u00f3mez Mor\u00edn"},"content":{"rendered":"<p><span style=\"font-size: 1rem;\"><img loading=\"lazy\" decoding=\"async\" class=\"size-medium wp-image-21716 alignleft\" src=\"https:\/\/laultimapalabra.com.mx\/portal\/wp-content\/uploads\/2021\/08\/IMG-20210829-WA0012-300x189.jpg\" alt=\"\" width=\"300\" height=\"189\" srcset=\"https:\/\/laultimapalabra.com.mx\/portal\/wp-content\/uploads\/2021\/08\/IMG-20210829-WA0012-300x189.jpg 300w, https:\/\/laultimapalabra.com.mx\/portal\/wp-content\/uploads\/2021\/08\/IMG-20210829-WA0012.jpg 718w\" sizes=\"auto, (max-width: 300px) 100vw, 300px\" \/>Cadereyta Jim\u00e9nez, N.L.- Esta ma\u00f1ana alrededor de 7:00 horas se suscit\u00f3 un fuerte accidente vial en el cual resultaron dos personas lesionadas.<\/span><\/p>\n<p>Los hechos se dieron en la Calle Cuauht\u00e9moc del lado Norte del puente G\u00f3mez Mor\u00edn, donde participaron dos veh\u00edculos un Nissan tipo March de color guindo con placas de Tamaulipas y otro autom\u00f3vil Nissan tipo Versa de alquiler con placas de Nuevo Le\u00f3n.<br \/>\nEl choque frontal dej\u00f3 al conductor y a su acompa\u00f1ante del auto guindo lesionados, por lo que fueron trasladados por Servicios de Emergencia Cadereyta a una cl\u00ednica del municipio.<br \/>\nAl lugar acudieron elementos de Tr\u00e1nsito Municipal quienes cerraron la circulaci\u00f3n en ambos sentidos del puente para evitar otro accidente e iniciar las investigaciones para deslindar responsabilidades.<\/p>\n<p>Fuente: La \u00daltima Palabra<\/p>\n","protected":false},"excerpt":{"rendered":"<p>Cadereyta Jim\u00e9nez, N.L.- Esta ma\u00f1ana alrededor de 7:00 horas se suscit\u00f3 un fuerte accidente vial en el cual resultaron dos personas lesionadas. Los hechos se dieron en la Calle Cuauht\u00e9moc del lado Norte del puente G\u00f3mez Mor\u00edn, donde participaron dos veh\u00edculos un Nissan tipo March de color guindo con placas de Tamaulipas y otro autom\u00f3vil [&hellip;]<\/p>\n","protected":false},"author":9,"featured_media":21715,"comment_status":"closed","ping_status":"closed","sticky":false,"template":"","format":"standard","meta":{"footnotes":""},"categories":[17,8,9],"tags":[2747,3076],"class_list":["post-21714","post","type-post","status-publish","format-standard","has-post-thumbnail","hentry","category-locales-cadereyta","category-seguridad","category-seguridad-cadereyta","tag-accidentes-viales-cadereyta","tag-fuente-la-ultima-palabra"],"_links":{"self":[{"href":"https:\/\/laultimapalabra.com.mx\/portal\/wp-json\/wp\/v2\/posts\/21714","targetHints":{"allow":["GET"]}}],"collection":[{"href":"https:\/\/laultimapalabra.com.mx\/portal\/wp-json\/wp\/v2\/posts"}],"about":[{"href":"https:\/\/laultimapalabra.com.mx\/portal\/wp-json\/wp\/v2\/types\/post"}],"author":[{"embeddable":true,"href":"https:\/\/laultimapalabra.com.mx\/portal\/wp-json\/wp\/v2\/users\/9"}],"replies":[{"embeddable":true,"href":"https:\/\/laultimapalabra.com.mx\/portal\/wp-json\/wp\/v2\/comments?post=21714"}],"version-history":[{"count":2,"href":"https:\/\/laultimapalabra.com.mx\/portal\/wp-json\/wp\/v2\/posts\/21714\/revisions"}],"predecessor-version":[{"id":73898,"href":"https:\/\/laultimapalabra.com.mx\/portal\/wp-json\/wp\/v2\/posts\/21714\/revisions\/73898"}],"wp:featuredmedia":[{"embeddable":true,"href":"https:\/\/laultimapalabra.com.mx\/portal\/wp-json\/wp\/v2\/media\/21715"}],"wp:attachment":[{"href":"https:\/\/laultimapalabra.com.mx\/portal\/wp-json\/wp\/v2\/media?parent=21714"}],"wp:term":[{"taxonomy":"category","embeddable":true,"href":"https:\/\/laultimapalabra.com.mx\/portal\/wp-json\/wp\/v2\/categories?post=21714"},{"taxonomy":"post_tag","embeddable":true,"href":"https:\/\/laultimapalabra.com.mx\/portal\/wp-json\/wp\/v2\/tags?post=21714"}],"curies":[{"name":"wp","href":"https:\/\/api.w.org\/{rel}","templated":true}]}}