                       {"id":21719,"date":"2021-08-29T11:16:56","date_gmt":"2021-08-29T17:16:56","guid":{"rendered":"https:\/\/laultimapalabra.com.mx\/portal\/?p=21719"},"modified":"2024-12-11T10:15:23","modified_gmt":"2024-12-11T16:15:23","slug":"tumba-poste-y-deja-luz-calles-del-centro-en-cadereyta","status":"publish","type":"post","link":"https:\/\/laultimapalabra.com.mx\/portal\/tumba-poste-y-deja-luz-calles-del-centro-en-cadereyta\/","title":{"rendered":"Tumba poste y deja luz calles del centro en Cadereyta"},"content":{"rendered":"<p><span style=\"font-size: 1rem;\"><img loading=\"lazy\" decoding=\"async\" class=\"size-medium wp-image-21720 alignleft\" src=\"https:\/\/laultimapalabra.com.mx\/portal\/wp-content\/uploads\/2021\/08\/IMG-20210829-WA0015-300x203.jpg\" alt=\"\" width=\"300\" height=\"203\" srcset=\"https:\/\/laultimapalabra.com.mx\/portal\/wp-content\/uploads\/2021\/08\/IMG-20210829-WA0015-300x203.jpg 300w, https:\/\/laultimapalabra.com.mx\/portal\/wp-content\/uploads\/2021\/08\/IMG-20210829-WA0015-1024x694.jpg 1024w, https:\/\/laultimapalabra.com.mx\/portal\/wp-content\/uploads\/2021\/08\/IMG-20210829-WA0015-768x521.jpg 768w, https:\/\/laultimapalabra.com.mx\/portal\/wp-content\/uploads\/2021\/08\/IMG-20210829-WA0015.jpg 1062w\" sizes=\"auto, (max-width: 300px) 100vw, 300px\" \/>Cadereyta Jim\u00e9nez, N.L.-<\/span><\/p>\n<p>Alrededor de la 1:00 de la madrugada del d\u00eda de hoy, se suscit\u00f3 un accidente vial en el cual un veh\u00edculo tumb\u00f3 un poste de madera que ten\u00eda cables de energ\u00eda el\u00e9ctrica, posteriormente se di\u00f3 a la fuga, abandonando el mismo unas cuadras m\u00e1s adelante.<br \/>\nEl autom\u00f3vil Chevrolet tipo Malib\u00fa placas SRE 6132 en color blanco, fue el que impact\u00f3 contra el poste en la Calle Ju\u00e1rez en la zona centro del municipio ya mencionado a la altura del hotel Nova. El veh\u00edculo se encontr\u00f3 abandonado en la calle Eugenio Serrano sin dar con el paradero del conductor.<br \/>\nElementos de Tr\u00e1nsito Municipal cerraron la calle por precauci\u00f3n y hasta el momento varias calles en los alrededores, no cuentan con servicio de energ\u00eda, por lo que se hace un llamado a Comisi\u00f3n Federal de Electricidad, para dar soluci\u00f3n a este problema de manera inmediata debido a que hay personas que se encuentran enfermas de Covid-19 y necesitan un concentrador de ox\u00edgeno para poder respirar.<\/p>\n<p>Fuente: La \u00daltima Palabra<\/p>\n","protected":false},"excerpt":{"rendered":"<p>Cadereyta Jim\u00e9nez, N.L.- Alrededor de la 1:00 de la madrugada del d\u00eda de hoy, se suscit\u00f3 un accidente vial en el cual un veh\u00edculo tumb\u00f3 un poste de madera que ten\u00eda cables de energ\u00eda el\u00e9ctrica, posteriormente se di\u00f3 a la fuga, abandonando el mismo unas cuadras m\u00e1s adelante. El autom\u00f3vil Chevrolet tipo Malib\u00fa placas SRE [&hellip;]<\/p>\n","protected":false},"author":9,"featured_media":21721,"comment_status":"closed","ping_status":"closed","sticky":false,"template":"","format":"standard","meta":{"footnotes":""},"categories":[17,8,9],"tags":[2747,2684,3076],"class_list":["post-21719","post","type-post","status-publish","format-standard","has-post-thumbnail","hentry","category-locales-cadereyta","category-seguridad","category-seguridad-cadereyta","tag-accidentes-viales-cadereyta","tag-cfe","tag-fuente-la-ultima-palabra"],"_links":{"self":[{"href":"https:\/\/laultimapalabra.com.mx\/portal\/wp-json\/wp\/v2\/posts\/21719","targetHints":{"allow":["GET"]}}],"collection":[{"href":"https:\/\/laultimapalabra.com.mx\/portal\/wp-json\/wp\/v2\/posts"}],"about":[{"href":"https:\/\/laultimapalabra.com.mx\/portal\/wp-json\/wp\/v2\/types\/post"}],"author":[{"embeddable":true,"href":"https:\/\/laultimapalabra.com.mx\/portal\/wp-json\/wp\/v2\/users\/9"}],"replies":[{"embeddable":true,"href":"https:\/\/laultimapalabra.com.mx\/portal\/wp-json\/wp\/v2\/comments?post=21719"}],"version-history":[{"count":2,"href":"https:\/\/laultimapalabra.com.mx\/portal\/wp-json\/wp\/v2\/posts\/21719\/revisions"}],"predecessor-version":[{"id":73900,"href":"https:\/\/laultimapalabra.com.mx\/portal\/wp-json\/wp\/v2\/posts\/21719\/revisions\/73900"}],"wp:featuredmedia":[{"embeddable":true,"href":"https:\/\/laultimapalabra.com.mx\/portal\/wp-json\/wp\/v2\/media\/21721"}],"wp:attachment":[{"href":"https:\/\/laultimapalabra.com.mx\/portal\/wp-json\/wp\/v2\/media?parent=21719"}],"wp:term":[{"taxonomy":"category","embeddable":true,"href":"https:\/\/laultimapalabra.com.mx\/portal\/wp-json\/wp\/v2\/categories?post=21719"},{"taxonomy":"post_tag","embeddable":true,"href":"https:\/\/laultimapalabra.com.mx\/portal\/wp-json\/wp\/v2\/tags?post=21719"}],"curies":[{"name":"wp","href":"https:\/\/api.w.org\/{rel}","templated":true}]}}