                       {"id":21729,"date":"2021-08-30T08:57:13","date_gmt":"2021-08-30T14:57:13","guid":{"rendered":"https:\/\/laultimapalabra.com.mx\/portal\/?p=21729"},"modified":"2024-12-11T10:15:23","modified_gmt":"2024-12-11T16:15:23","slug":"mueren-musicos-en-encontronazo-con-trailer","status":"publish","type":"post","link":"https:\/\/laultimapalabra.com.mx\/portal\/mueren-musicos-en-encontronazo-con-trailer\/","title":{"rendered":"Mueren m\u00fasicos en encontronazo con tr\u00e1iler"},"content":{"rendered":"<p><span style=\"font-size: 1rem;\"><img loading=\"lazy\" decoding=\"async\" class=\"size-medium wp-image-21746 alignleft\" src=\"https:\/\/laultimapalabra.com.mx\/portal\/wp-content\/uploads\/2021\/08\/IMG-20210830-WA0011-1-300x169.jpg\" alt=\"\" width=\"300\" height=\"169\" srcset=\"https:\/\/laultimapalabra.com.mx\/portal\/wp-content\/uploads\/2021\/08\/IMG-20210830-WA0011-1-300x169.jpg 300w, https:\/\/laultimapalabra.com.mx\/portal\/wp-content\/uploads\/2021\/08\/IMG-20210830-WA0011-1-1024x576.jpg 1024w, https:\/\/laultimapalabra.com.mx\/portal\/wp-content\/uploads\/2021\/08\/IMG-20210830-WA0011-1-768x432.jpg 768w, https:\/\/laultimapalabra.com.mx\/portal\/wp-content\/uploads\/2021\/08\/IMG-20210830-WA0011-1.jpg 1536w\" sizes=\"auto, (max-width: 300px) 100vw, 300px\" \/>Cadereyta Jim\u00e9nez, N.L.- La ma\u00f1ana de.hoy alrededor de las 6:00am un fuerte encontronazo entre una camioneta y un tr\u00e1iler dej\u00f3 como saldo la muerte de dos integrantes de una banda musical perteneciente al estado de Guanajuato.<\/span><\/p>\n<p>Los hechos se registraron sobre la Carretera libre a Reynosa en el Km 38, donde un tr\u00e1iler invadi\u00f3 carril y se impact\u00f3 con una camioneta Chevrolet tipo travese con placas del estado de Guanajuato perdiendo la vida dos hombres pertenecientes a la Banda Los Juniors de Salamanca.<br \/>\nTras el accidente el conductor del tr\u00e1iler se dio a la fuga y hubo tres personas lesionadas m\u00e1s que fueron trasladadas a la Cl\u00ednica Virginia para su atenci\u00f3n m\u00e9dica.<br \/>\nQuedando a la espera de la Guardia Nacional para deslindar responsabilidades.<\/p>\n<p>&nbsp;<\/p>\n","protected":false},"excerpt":{"rendered":"<p>Cadereyta Jim\u00e9nez, N.L.- La ma\u00f1ana de.hoy alrededor de las 6:00am un fuerte encontronazo entre una camioneta y un tr\u00e1iler dej\u00f3 como saldo la muerte de dos integrantes de una banda musical perteneciente al estado de Guanajuato. Los hechos se registraron sobre la Carretera libre a Reynosa en el Km 38, donde un tr\u00e1iler invadi\u00f3 carril [&hellip;]<\/p>\n","protected":false},"author":9,"featured_media":21747,"comment_status":"closed","ping_status":"closed","sticky":false,"template":"","format":"standard","meta":{"footnotes":""},"categories":[17,8,9],"tags":[2747,3076],"class_list":["post-21729","post","type-post","status-publish","format-standard","has-post-thumbnail","hentry","category-locales-cadereyta","category-seguridad","category-seguridad-cadereyta","tag-accidentes-viales-cadereyta","tag-fuente-la-ultima-palabra"],"_links":{"self":[{"href":"https:\/\/laultimapalabra.com.mx\/portal\/wp-json\/wp\/v2\/posts\/21729","targetHints":{"allow":["GET"]}}],"collection":[{"href":"https:\/\/laultimapalabra.com.mx\/portal\/wp-json\/wp\/v2\/posts"}],"about":[{"href":"https:\/\/laultimapalabra.com.mx\/portal\/wp-json\/wp\/v2\/types\/post"}],"author":[{"embeddable":true,"href":"https:\/\/laultimapalabra.com.mx\/portal\/wp-json\/wp\/v2\/users\/9"}],"replies":[{"embeddable":true,"href":"https:\/\/laultimapalabra.com.mx\/portal\/wp-json\/wp\/v2\/comments?post=21729"}],"version-history":[{"count":3,"href":"https:\/\/laultimapalabra.com.mx\/portal\/wp-json\/wp\/v2\/posts\/21729\/revisions"}],"predecessor-version":[{"id":73902,"href":"https:\/\/laultimapalabra.com.mx\/portal\/wp-json\/wp\/v2\/posts\/21729\/revisions\/73902"}],"wp:featuredmedia":[{"embeddable":true,"href":"https:\/\/laultimapalabra.com.mx\/portal\/wp-json\/wp\/v2\/media\/21747"}],"wp:attachment":[{"href":"https:\/\/laultimapalabra.com.mx\/portal\/wp-json\/wp\/v2\/media?parent=21729"}],"wp:term":[{"taxonomy":"category","embeddable":true,"href":"https:\/\/laultimapalabra.com.mx\/portal\/wp-json\/wp\/v2\/categories?post=21729"},{"taxonomy":"post_tag","embeddable":true,"href":"https:\/\/laultimapalabra.com.mx\/portal\/wp-json\/wp\/v2\/tags?post=21729"}],"curies":[{"name":"wp","href":"https:\/\/api.w.org\/{rel}","templated":true}]}}