                       {"id":21731,"date":"2021-08-30T11:19:37","date_gmt":"2021-08-30T17:19:37","guid":{"rendered":"https:\/\/laultimapalabra.com.mx\/portal\/?p=21731"},"modified":"2024-12-11T10:15:23","modified_gmt":"2024-12-11T16:15:23","slug":"arranca-vacunacion-18-29-en-juarez","status":"publish","type":"post","link":"https:\/\/laultimapalabra.com.mx\/portal\/arranca-vacunacion-18-29-en-juarez\/","title":{"rendered":"Arranca vacunaci\u00f3n 18-29 en Ju\u00e1rez"},"content":{"rendered":"<p><span style=\"font-size: 1rem;\"><img loading=\"lazy\" decoding=\"async\" class=\"size-medium wp-image-21737 alignleft\" src=\"https:\/\/laultimapalabra.com.mx\/portal\/wp-content\/uploads\/2021\/08\/IMG-20210830-WA0020-300x169.jpg\" alt=\"\" width=\"300\" height=\"169\" srcset=\"https:\/\/laultimapalabra.com.mx\/portal\/wp-content\/uploads\/2021\/08\/IMG-20210830-WA0020-300x169.jpg 300w, https:\/\/laultimapalabra.com.mx\/portal\/wp-content\/uploads\/2021\/08\/IMG-20210830-WA0020-1024x576.jpg 1024w, https:\/\/laultimapalabra.com.mx\/portal\/wp-content\/uploads\/2021\/08\/IMG-20210830-WA0020-768x432.jpg 768w, https:\/\/laultimapalabra.com.mx\/portal\/wp-content\/uploads\/2021\/08\/IMG-20210830-WA0020-1536x864.jpg 1536w, https:\/\/laultimapalabra.com.mx\/portal\/wp-content\/uploads\/2021\/08\/IMG-20210830-WA0020.jpg 1599w\" sizes=\"auto, (max-width: 300px) 100vw, 300px\" \/>Ju\u00e1rez, N.L.- Est\u00e1 ma\u00f1ana el Gobierno Municipal de Ju\u00e1rez arranc\u00f3 la vacunaci\u00f3n para sector con mayor poblaci\u00f3n en los rangos de edad, de 18 a 29 a\u00f1os de edad.<\/span><\/p>\n<p>El alcalde de est\u00e1 ciudad, Everardo Benavides y el alcalde electo Paco Trevi\u00f1o, estuvieron en el punto de vacunaci\u00f3n nuevo ubicado en la colonia Los Puertos, supervisando la estrategia de vacunaci\u00f3n.<br \/>\nHablaron de la afluencia de edades con mayor poblaci\u00f3n en el municipio y los distintos puntos de vacunaci\u00f3n como lo son el driver thrue de Eloy Cavazos y los distintos Polivalentes ubicados en las colonias Monteverde, Santa M\u00f3nica, Villa de San Jos\u00e9 y el reciente en Los Puertos.<br \/>\nEl Municipe agradeci\u00f3 al personal de Presidencia y destac\u00f3 la rapidez y fluidez como se va llevando a cabo la vacunaci\u00f3n e invit\u00f3 a todos los juarenses en ese rango de edad a acudir a vacunarse desde hoy y hasta el pr\u00f3ximo mi\u00e9rcoles en los puntos ya conocidos por todos.<\/p>\n","protected":false},"excerpt":{"rendered":"<p>Ju\u00e1rez, N.L.- Est\u00e1 ma\u00f1ana el Gobierno Municipal de Ju\u00e1rez arranc\u00f3 la vacunaci\u00f3n para sector con mayor poblaci\u00f3n en los rangos de edad, de 18 a 29 a\u00f1os de edad. El alcalde de est\u00e1 ciudad, Everardo Benavides y el alcalde electo Paco Trevi\u00f1o, estuvieron en el punto de vacunaci\u00f3n nuevo ubicado en la colonia Los Puertos, [&hellip;]<\/p>\n","protected":false},"author":9,"featured_media":21736,"comment_status":"closed","ping_status":"closed","sticky":false,"template":"","format":"standard","meta":{"footnotes":""},"categories":[18],"tags":[2720,3076,1684,2768],"class_list":["post-21731","post","type-post","status-publish","format-standard","has-post-thumbnail","hentry","category-locales-juarez","tag-everardo-benavides","tag-fuente-la-ultima-palabra","tag-paco-trevino","tag-vacunacion-covid-juarez"],"_links":{"self":[{"href":"https:\/\/laultimapalabra.com.mx\/portal\/wp-json\/wp\/v2\/posts\/21731","targetHints":{"allow":["GET"]}}],"collection":[{"href":"https:\/\/laultimapalabra.com.mx\/portal\/wp-json\/wp\/v2\/posts"}],"about":[{"href":"https:\/\/laultimapalabra.com.mx\/portal\/wp-json\/wp\/v2\/types\/post"}],"author":[{"embeddable":true,"href":"https:\/\/laultimapalabra.com.mx\/portal\/wp-json\/wp\/v2\/users\/9"}],"replies":[{"embeddable":true,"href":"https:\/\/laultimapalabra.com.mx\/portal\/wp-json\/wp\/v2\/comments?post=21731"}],"version-history":[{"count":2,"href":"https:\/\/laultimapalabra.com.mx\/portal\/wp-json\/wp\/v2\/posts\/21731\/revisions"}],"predecessor-version":[{"id":73904,"href":"https:\/\/laultimapalabra.com.mx\/portal\/wp-json\/wp\/v2\/posts\/21731\/revisions\/73904"}],"wp:featuredmedia":[{"embeddable":true,"href":"https:\/\/laultimapalabra.com.mx\/portal\/wp-json\/wp\/v2\/media\/21736"}],"wp:attachment":[{"href":"https:\/\/laultimapalabra.com.mx\/portal\/wp-json\/wp\/v2\/media?parent=21731"}],"wp:term":[{"taxonomy":"category","embeddable":true,"href":"https:\/\/laultimapalabra.com.mx\/portal\/wp-json\/wp\/v2\/categories?post=21731"},{"taxonomy":"post_tag","embeddable":true,"href":"https:\/\/laultimapalabra.com.mx\/portal\/wp-json\/wp\/v2\/tags?post=21731"}],"curies":[{"name":"wp","href":"https:\/\/api.w.org\/{rel}","templated":true}]}}