                       {"id":21741,"date":"2021-08-30T11:26:41","date_gmt":"2021-08-30T17:26:41","guid":{"rendered":"https:\/\/laultimapalabra.com.mx\/portal\/?p=21741"},"modified":"2024-12-11T10:15:23","modified_gmt":"2024-12-11T16:15:23","slug":"le-da-llegue-camioneta-a-urbano-en-cadereyta","status":"publish","type":"post","link":"https:\/\/laultimapalabra.com.mx\/portal\/le-da-llegue-camioneta-a-urbano-en-cadereyta\/","title":{"rendered":"Le da &#8220;llegue&#8221; camioneta a urbano en Cadereyta"},"content":{"rendered":"<p><span style=\"font-size: 1rem;\"><img loading=\"lazy\" decoding=\"async\" class=\"size-medium wp-image-21739 alignleft\" src=\"https:\/\/laultimapalabra.com.mx\/portal\/wp-content\/uploads\/2021\/08\/IMG-20210830-WA0022-300x169.jpg\" alt=\"\" width=\"300\" height=\"169\" srcset=\"https:\/\/laultimapalabra.com.mx\/portal\/wp-content\/uploads\/2021\/08\/IMG-20210830-WA0022-300x169.jpg 300w, https:\/\/laultimapalabra.com.mx\/portal\/wp-content\/uploads\/2021\/08\/IMG-20210830-WA0022-1024x576.jpg 1024w, https:\/\/laultimapalabra.com.mx\/portal\/wp-content\/uploads\/2021\/08\/IMG-20210830-WA0022-768x432.jpg 768w, https:\/\/laultimapalabra.com.mx\/portal\/wp-content\/uploads\/2021\/08\/IMG-20210830-WA0022-1536x864.jpg 1536w, https:\/\/laultimapalabra.com.mx\/portal\/wp-content\/uploads\/2021\/08\/IMG-20210830-WA0022.jpg 1600w\" sizes=\"auto, (max-width: 300px) 100vw, 300px\" \/>Cadereyta Jim\u00e9nez, N.L.-<\/span><\/p>\n<p>Esta ma\u00f1ana alrededor de las 11:00 horas, se suscit\u00f3 un choque por alcance en el centro de Cadereyta; donde afortunadamente no hubo personas lesionadas.<br \/>\nLos hechos se dieron en la calle Benito Ju\u00e1rez, casi cruz con Joaquin Valle, en el centro del municipio mencionado; siendo los protagonistas una camioneta Ford F150 de color azul y un ruta urbana 602- Valle del Roble.<br \/>\nLa unidad de transporte se encontraba subiendo pasaje, cuando la camioneta se impact\u00f3 en la parte trasera, lo que caus\u00f3 el susto de las personas que abordaban dicho cami\u00f3n.<br \/>\nLos pasajeros esperaron el arribo de Servicios de Emergencia Cadereyta, para revisar a los ocupantes del cami\u00f3n urbano y de la camioneta.<br \/>\nAl lugar acudieron tambi\u00e9n elementos de Tr\u00e1nsito Municipal, quienes realizaron las investigaciones correspondientes, adem\u00e1s de abanderar el lugar.<\/p>\n<p>Fuente: La \u00daltima Palabra<\/p>\n","protected":false},"excerpt":{"rendered":"<p>Cadereyta Jim\u00e9nez, N.L.- Esta ma\u00f1ana alrededor de las 11:00 horas, se suscit\u00f3 un choque por alcance en el centro de Cadereyta; donde afortunadamente no hubo personas lesionadas. Los hechos se dieron en la calle Benito Ju\u00e1rez, casi cruz con Joaquin Valle, en el centro del municipio mencionado; siendo los protagonistas una camioneta Ford F150 de [&hellip;]<\/p>\n","protected":false},"author":9,"featured_media":21738,"comment_status":"closed","ping_status":"closed","sticky":false,"template":"","format":"standard","meta":{"footnotes":""},"categories":[17],"tags":[2747,3076],"class_list":["post-21741","post","type-post","status-publish","format-standard","has-post-thumbnail","hentry","category-locales-cadereyta","tag-accidentes-viales-cadereyta","tag-fuente-la-ultima-palabra"],"_links":{"self":[{"href":"https:\/\/laultimapalabra.com.mx\/portal\/wp-json\/wp\/v2\/posts\/21741","targetHints":{"allow":["GET"]}}],"collection":[{"href":"https:\/\/laultimapalabra.com.mx\/portal\/wp-json\/wp\/v2\/posts"}],"about":[{"href":"https:\/\/laultimapalabra.com.mx\/portal\/wp-json\/wp\/v2\/types\/post"}],"author":[{"embeddable":true,"href":"https:\/\/laultimapalabra.com.mx\/portal\/wp-json\/wp\/v2\/users\/9"}],"replies":[{"embeddable":true,"href":"https:\/\/laultimapalabra.com.mx\/portal\/wp-json\/wp\/v2\/comments?post=21741"}],"version-history":[{"count":2,"href":"https:\/\/laultimapalabra.com.mx\/portal\/wp-json\/wp\/v2\/posts\/21741\/revisions"}],"predecessor-version":[{"id":73906,"href":"https:\/\/laultimapalabra.com.mx\/portal\/wp-json\/wp\/v2\/posts\/21741\/revisions\/73906"}],"wp:featuredmedia":[{"embeddable":true,"href":"https:\/\/laultimapalabra.com.mx\/portal\/wp-json\/wp\/v2\/media\/21738"}],"wp:attachment":[{"href":"https:\/\/laultimapalabra.com.mx\/portal\/wp-json\/wp\/v2\/media?parent=21741"}],"wp:term":[{"taxonomy":"category","embeddable":true,"href":"https:\/\/laultimapalabra.com.mx\/portal\/wp-json\/wp\/v2\/categories?post=21741"},{"taxonomy":"post_tag","embeddable":true,"href":"https:\/\/laultimapalabra.com.mx\/portal\/wp-json\/wp\/v2\/tags?post=21741"}],"curies":[{"name":"wp","href":"https:\/\/api.w.org\/{rel}","templated":true}]}}