                       {"id":21770,"date":"2021-08-31T13:46:08","date_gmt":"2021-08-31T19:46:08","guid":{"rendered":"https:\/\/laultimapalabra.com.mx\/portal\/?p=21770"},"modified":"2024-12-11T10:15:24","modified_gmt":"2024-12-11T16:15:24","slug":"chocan-de-frente-un-muerto-y-dos-lesionados-el-saldo","status":"publish","type":"post","link":"https:\/\/laultimapalabra.com.mx\/portal\/chocan-de-frente-un-muerto-y-dos-lesionados-el-saldo\/","title":{"rendered":"Chocan de frente; un muerto y dos lesionados, el saldo"},"content":{"rendered":"<p><span style=\"font-size: 1rem;\"><img loading=\"lazy\" decoding=\"async\" class=\"size-medium wp-image-21771 alignleft\" src=\"https:\/\/laultimapalabra.com.mx\/portal\/wp-content\/uploads\/2021\/08\/IMG-20210831-WA0024-300x225.jpg\" alt=\"\" width=\"300\" height=\"225\" srcset=\"https:\/\/laultimapalabra.com.mx\/portal\/wp-content\/uploads\/2021\/08\/IMG-20210831-WA0024-300x225.jpg 300w, https:\/\/laultimapalabra.com.mx\/portal\/wp-content\/uploads\/2021\/08\/IMG-20210831-WA0024-1024x768.jpg 1024w, https:\/\/laultimapalabra.com.mx\/portal\/wp-content\/uploads\/2021\/08\/IMG-20210831-WA0024-768x576.jpg 768w, https:\/\/laultimapalabra.com.mx\/portal\/wp-content\/uploads\/2021\/08\/IMG-20210831-WA0024-1536x1153.jpg 1536w, https:\/\/laultimapalabra.com.mx\/portal\/wp-content\/uploads\/2021\/08\/IMG-20210831-WA0024.jpg 1599w\" sizes=\"auto, (max-width: 300px) 100vw, 300px\" \/>Cadereyta Jim\u00e9nez, N.L.- Una persona sin vida y dos heridos fue el saldo de un aparatoso accidente registrado esta ma\u00f1ana alrededor de las 9:00 horas en Cadereyta.<\/span><\/p>\n<p>Los hechos se registraron en la carretera de San Mateo a la Boca entre la Lobita y El Mezcal, cuando un autom\u00f3vil viajaba a exceso de velocidad y tras perder el control invadi\u00f3 el carril contrario y se impact\u00f3 contra otro veh\u00edculo.<br \/>\nLamentablemente el saldo de este percance fue una persona sin vida y dos personas m\u00e1s lesionadas.<br \/>\nAl lugar arribaron cuerpos de auxilio y autoridades municipales, mientras se quedaron en espera a elementos periciales.<\/p>\n<p>Fuente: La \u00daltima Palabra<\/p>\n","protected":false},"excerpt":{"rendered":"<p>Cadereyta Jim\u00e9nez, N.L.- Una persona sin vida y dos heridos fue el saldo de un aparatoso accidente registrado esta ma\u00f1ana alrededor de las 9:00 horas en Cadereyta. Los hechos se registraron en la carretera de San Mateo a la Boca entre la Lobita y El Mezcal, cuando un autom\u00f3vil viajaba a exceso de velocidad y [&hellip;]<\/p>\n","protected":false},"author":9,"featured_media":21772,"comment_status":"closed","ping_status":"closed","sticky":false,"template":"","format":"standard","meta":{"footnotes":""},"categories":[17],"tags":[2747,3076],"class_list":["post-21770","post","type-post","status-publish","format-standard","has-post-thumbnail","hentry","category-locales-cadereyta","tag-accidentes-viales-cadereyta","tag-fuente-la-ultima-palabra"],"_links":{"self":[{"href":"https:\/\/laultimapalabra.com.mx\/portal\/wp-json\/wp\/v2\/posts\/21770","targetHints":{"allow":["GET"]}}],"collection":[{"href":"https:\/\/laultimapalabra.com.mx\/portal\/wp-json\/wp\/v2\/posts"}],"about":[{"href":"https:\/\/laultimapalabra.com.mx\/portal\/wp-json\/wp\/v2\/types\/post"}],"author":[{"embeddable":true,"href":"https:\/\/laultimapalabra.com.mx\/portal\/wp-json\/wp\/v2\/users\/9"}],"replies":[{"embeddable":true,"href":"https:\/\/laultimapalabra.com.mx\/portal\/wp-json\/wp\/v2\/comments?post=21770"}],"version-history":[{"count":2,"href":"https:\/\/laultimapalabra.com.mx\/portal\/wp-json\/wp\/v2\/posts\/21770\/revisions"}],"predecessor-version":[{"id":73918,"href":"https:\/\/laultimapalabra.com.mx\/portal\/wp-json\/wp\/v2\/posts\/21770\/revisions\/73918"}],"wp:featuredmedia":[{"embeddable":true,"href":"https:\/\/laultimapalabra.com.mx\/portal\/wp-json\/wp\/v2\/media\/21772"}],"wp:attachment":[{"href":"https:\/\/laultimapalabra.com.mx\/portal\/wp-json\/wp\/v2\/media?parent=21770"}],"wp:term":[{"taxonomy":"category","embeddable":true,"href":"https:\/\/laultimapalabra.com.mx\/portal\/wp-json\/wp\/v2\/categories?post=21770"},{"taxonomy":"post_tag","embeddable":true,"href":"https:\/\/laultimapalabra.com.mx\/portal\/wp-json\/wp\/v2\/tags?post=21770"}],"curies":[{"name":"wp","href":"https:\/\/api.w.org\/{rel}","templated":true}]}}