                       {"id":21795,"date":"2021-09-01T13:06:11","date_gmt":"2021-09-01T19:06:11","guid":{"rendered":"https:\/\/laultimapalabra.com.mx\/portal\/?p=21795"},"modified":"2024-12-11T10:15:24","modified_gmt":"2024-12-11T16:15:24","slug":"choca-contra-camion-dos-heridos-el-saldo","status":"publish","type":"post","link":"https:\/\/laultimapalabra.com.mx\/portal\/choca-contra-camion-dos-heridos-el-saldo\/","title":{"rendered":"Choca contra cami\u00f3n; dos heridos el saldo"},"content":{"rendered":"<p><span style=\"font-size: 1rem;\"><img loading=\"lazy\" decoding=\"async\" class=\"size-medium wp-image-21786 alignleft\" src=\"https:\/\/laultimapalabra.com.mx\/portal\/wp-content\/uploads\/2021\/09\/IMG-20210831-WA0063-300x225.jpg\" alt=\"\" width=\"300\" height=\"225\" srcset=\"https:\/\/laultimapalabra.com.mx\/portal\/wp-content\/uploads\/2021\/09\/IMG-20210831-WA0063-300x225.jpg 300w, https:\/\/laultimapalabra.com.mx\/portal\/wp-content\/uploads\/2021\/09\/IMG-20210831-WA0063-1024x768.jpg 1024w, https:\/\/laultimapalabra.com.mx\/portal\/wp-content\/uploads\/2021\/09\/IMG-20210831-WA0063-768x576.jpg 768w, https:\/\/laultimapalabra.com.mx\/portal\/wp-content\/uploads\/2021\/09\/IMG-20210831-WA0063-1536x1152.jpg 1536w, https:\/\/laultimapalabra.com.mx\/portal\/wp-content\/uploads\/2021\/09\/IMG-20210831-WA0063.jpg 1600w\" sizes=\"auto, (max-width: 300px) 100vw, 300px\" \/>Ju\u00e1rez, N.L.<\/span><\/p>\n<p>A las 23:09 horas de ayer, dos personas resultaron lesionadas en un choque por alcance entre un veh\u00edculo y un cami\u00f3n de personal, suscitado en la carretera a Reynosa a la altura de la colonia Hacienda Santa Luc\u00eda.<br \/>\nGerardo Mata Valdez, conductor del auto BMW, placas SNL-30-01, result\u00f3 herido al impactar su auto contra la parte trasera de un cami\u00f3n de pasajeros marca Mercedes Benz, placas 229681-R, conducido por Francisco Z\u00fa\u00f1iga.<br \/>\nEn el choque tambi\u00e9n result\u00f3 herido uno de los pasajeros del cami\u00f3n, que se presume era obrero de una f\u00e1brica a donde se dirig\u00eda la pesada unidad.<\/p>\n","protected":false},"excerpt":{"rendered":"<p>Ju\u00e1rez, N.L. A las 23:09 horas de ayer, dos personas resultaron lesionadas en un choque por alcance entre un veh\u00edculo y un cami\u00f3n de personal, suscitado en la carretera a Reynosa a la altura de la colonia Hacienda Santa Luc\u00eda. Gerardo Mata Valdez, conductor del auto BMW, placas SNL-30-01, result\u00f3 herido al impactar su auto [&hellip;]<\/p>\n","protected":false},"author":9,"featured_media":21787,"comment_status":"closed","ping_status":"closed","sticky":false,"template":"","format":"standard","meta":{"footnotes":""},"categories":[18,8,10],"tags":[2965,3076],"class_list":["post-21795","post","type-post","status-publish","format-standard","has-post-thumbnail","hentry","category-locales-juarez","category-seguridad","category-seguridad-juarez","tag-accidentes-viales-juarez","tag-fuente-la-ultima-palabra"],"_links":{"self":[{"href":"https:\/\/laultimapalabra.com.mx\/portal\/wp-json\/wp\/v2\/posts\/21795","targetHints":{"allow":["GET"]}}],"collection":[{"href":"https:\/\/laultimapalabra.com.mx\/portal\/wp-json\/wp\/v2\/posts"}],"about":[{"href":"https:\/\/laultimapalabra.com.mx\/portal\/wp-json\/wp\/v2\/types\/post"}],"author":[{"embeddable":true,"href":"https:\/\/laultimapalabra.com.mx\/portal\/wp-json\/wp\/v2\/users\/9"}],"replies":[{"embeddable":true,"href":"https:\/\/laultimapalabra.com.mx\/portal\/wp-json\/wp\/v2\/comments?post=21795"}],"version-history":[{"count":2,"href":"https:\/\/laultimapalabra.com.mx\/portal\/wp-json\/wp\/v2\/posts\/21795\/revisions"}],"predecessor-version":[{"id":73926,"href":"https:\/\/laultimapalabra.com.mx\/portal\/wp-json\/wp\/v2\/posts\/21795\/revisions\/73926"}],"wp:featuredmedia":[{"embeddable":true,"href":"https:\/\/laultimapalabra.com.mx\/portal\/wp-json\/wp\/v2\/media\/21787"}],"wp:attachment":[{"href":"https:\/\/laultimapalabra.com.mx\/portal\/wp-json\/wp\/v2\/media?parent=21795"}],"wp:term":[{"taxonomy":"category","embeddable":true,"href":"https:\/\/laultimapalabra.com.mx\/portal\/wp-json\/wp\/v2\/categories?post=21795"},{"taxonomy":"post_tag","embeddable":true,"href":"https:\/\/laultimapalabra.com.mx\/portal\/wp-json\/wp\/v2\/tags?post=21795"}],"curies":[{"name":"wp","href":"https:\/\/api.w.org\/{rel}","templated":true}]}}