                       {"id":218,"date":"2018-02-08T22:46:07","date_gmt":"2018-02-08T22:46:07","guid":{"rendered":"http:\/\/laultimapalabra.info\/?p=218"},"modified":"2024-12-11T08:36:54","modified_gmt":"2024-12-11T14:36:54","slug":"coro-femenil-de-la-parroquia-san-juan-bautista-en-1955","status":"publish","type":"post","link":"https:\/\/laultimapalabra.com.mx\/portal\/coro-femenil-de-la-parroquia-san-juan-bautista-en-1955\/","title":{"rendered":"Coro femenil de la Parroquia San Juan Bautista en 1955"},"content":{"rendered":"<p><img loading=\"lazy\" decoding=\"async\" class=\"size-medium wp-image-219 alignleft\" src=\"https:\/\/laultimapalabra.com.mx\/portal\/wp-content\/uploads\/2018\/02\/DSC_0092-copia-300x221.jpg\" alt=\"\" width=\"300\" height=\"221\" \/>Foto tomada el 8 de abril de 1955<br \/>\nDe izquierda a derecha:\u00a0M\u00e9lida D\u00edaz Cant\u00fa, Lucina Medina Gonz\u00e1lez, Olaya Garc\u00eda Garza, Irma Zepeda, Odilia Irma Cano Sierra, Juana Mar\u00eda Ni\u00f1o de Rivera, Ma. Luisa Tijerina Flores, Consuelo Leal de G\u00f3mez Y Amparo G\u00f3mez Leal. Al frente y sentado: El director Maestro Jos\u00e9 Juan Gracia Ruiz.<\/p>\n","protected":false},"excerpt":{"rendered":"<p>Foto tomada el 8 de abril de 1955 De izquierda a derecha:\u00a0M\u00e9lida D\u00edaz Cant\u00fa, Lucina Medina Gonz\u00e1lez, Olaya Garc\u00eda Garza, Irma Zepeda, Odilia Irma Cano Sierra, Juana Mar\u00eda Ni\u00f1o de Rivera, Ma. Luisa Tijerina Flores, Consuelo Leal de G\u00f3mez Y Amparo G\u00f3mez Leal. Al frente y sentado: El director Maestro Jos\u00e9 Juan Gracia Ruiz.<\/p>\n","protected":false},"author":9,"featured_media":219,"comment_status":"open","ping_status":"closed","sticky":false,"template":"","format":"standard","meta":{"footnotes":""},"categories":[1],"tags":[36,1095],"class_list":["post-218","post","type-post","status-publish","format-standard","has-post-thumbnail","hentry","category-noticias","tag-8-de-abril-de-1955","tag-foto-del-recuerdo"],"_links":{"self":[{"href":"https:\/\/laultimapalabra.com.mx\/portal\/wp-json\/wp\/v2\/posts\/218","targetHints":{"allow":["GET"]}}],"collection":[{"href":"https:\/\/laultimapalabra.com.mx\/portal\/wp-json\/wp\/v2\/posts"}],"about":[{"href":"https:\/\/laultimapalabra.com.mx\/portal\/wp-json\/wp\/v2\/types\/post"}],"author":[{"embeddable":true,"href":"https:\/\/laultimapalabra.com.mx\/portal\/wp-json\/wp\/v2\/users\/9"}],"replies":[{"embeddable":true,"href":"https:\/\/laultimapalabra.com.mx\/portal\/wp-json\/wp\/v2\/comments?post=218"}],"version-history":[{"count":1,"href":"https:\/\/laultimapalabra.com.mx\/portal\/wp-json\/wp\/v2\/posts\/218\/revisions"}],"predecessor-version":[{"id":63175,"href":"https:\/\/laultimapalabra.com.mx\/portal\/wp-json\/wp\/v2\/posts\/218\/revisions\/63175"}],"wp:featuredmedia":[{"embeddable":true,"href":"https:\/\/laultimapalabra.com.mx\/portal\/wp-json\/"}],"wp:attachment":[{"href":"https:\/\/laultimapalabra.com.mx\/portal\/wp-json\/wp\/v2\/media?parent=218"}],"wp:term":[{"taxonomy":"category","embeddable":true,"href":"https:\/\/laultimapalabra.com.mx\/portal\/wp-json\/wp\/v2\/categories?post=218"},{"taxonomy":"post_tag","embeddable":true,"href":"https:\/\/laultimapalabra.com.mx\/portal\/wp-json\/wp\/v2\/tags?post=218"}],"curies":[{"name":"wp","href":"https:\/\/api.w.org\/{rel}","templated":true}]}}