                       {"id":21801,"date":"2021-09-01T13:23:46","date_gmt":"2021-09-01T19:23:46","guid":{"rendered":"https:\/\/laultimapalabra.com.mx\/portal\/?p=21801"},"modified":"2024-12-11T10:15:24","modified_gmt":"2024-12-11T16:15:24","slug":"termina-persecucion-desde-guadalupe-en-centro-de-juarez","status":"publish","type":"post","link":"https:\/\/laultimapalabra.com.mx\/portal\/termina-persecucion-desde-guadalupe-en-centro-de-juarez\/","title":{"rendered":"Termina persecuci\u00f3n desde Guadalupe en Centro de Ju\u00e1rez."},"content":{"rendered":"<p><span style=\"font-size: 1rem;\"><img loading=\"lazy\" decoding=\"async\" class=\"size-medium wp-image-21789 alignleft\" src=\"https:\/\/laultimapalabra.com.mx\/portal\/wp-content\/uploads\/2021\/09\/IMG-20210901-WA0006-300x169.jpg\" alt=\"\" width=\"300\" height=\"169\" srcset=\"https:\/\/laultimapalabra.com.mx\/portal\/wp-content\/uploads\/2021\/09\/IMG-20210901-WA0006-300x169.jpg 300w, https:\/\/laultimapalabra.com.mx\/portal\/wp-content\/uploads\/2021\/09\/IMG-20210901-WA0006.jpg 720w\" sizes=\"auto, (max-width: 300px) 100vw, 300px\" \/>Ju\u00e1rez, N.L.- Alrededor de las 18:00 horas del d\u00eda de ayer, se present\u00f3 una persecuci\u00f3n que inici\u00f3 desde el municipio de Guadalupe y termin\u00f3 en el centro de Ju\u00e1rez.<\/span><\/p>\n<p>Un veh\u00edculo Jetta en color blanco que elementos de la Agencia Estatal de Investigaciones persegu\u00edan, se impact\u00f3 contra un autom\u00f3vil Challenger, que se encontraba estacionado dando fin en ese lugar al seguimiento que se hac\u00eda de dicho auto.<br \/>\nExtraoficialmente se tuvo la detenci\u00f3n de dos hombres quienes portaban armas largas y afortunadamente no hubo detonaciones.<br \/>\nLos hechos se dieron en la calle Juan de la Barrera y Bernardo Reyes, donde se acordon\u00f3 el \u00e1rea por Polic\u00edas Municipales de Ju\u00e1rez y posteriormente se asegur\u00f3 el veh\u00edculo.<br \/>\nHasta el momento no se ha dado la versi\u00f3n por parte de la autoridad sobre este hecho, ya que se manej\u00f3 con mucho hermetismo.<\/p>\n<p>Fuente: La \u00daltima Palabra<\/p>\n","protected":false},"excerpt":{"rendered":"<p>Ju\u00e1rez, N.L.- Alrededor de las 18:00 horas del d\u00eda de ayer, se present\u00f3 una persecuci\u00f3n que inici\u00f3 desde el municipio de Guadalupe y termin\u00f3 en el centro de Ju\u00e1rez. Un veh\u00edculo Jetta en color blanco que elementos de la Agencia Estatal de Investigaciones persegu\u00edan, se impact\u00f3 contra un autom\u00f3vil Challenger, que se encontraba estacionado dando [&hellip;]<\/p>\n","protected":false},"author":9,"featured_media":21788,"comment_status":"closed","ping_status":"closed","sticky":false,"template":"","format":"standard","meta":{"footnotes":""},"categories":[18,8,10],"tags":[3076,2607],"class_list":["post-21801","post","type-post","status-publish","format-standard","has-post-thumbnail","hentry","category-locales-juarez","category-seguridad","category-seguridad-juarez","tag-fuente-la-ultima-palabra","tag-persecuciones-juarez"],"_links":{"self":[{"href":"https:\/\/laultimapalabra.com.mx\/portal\/wp-json\/wp\/v2\/posts\/21801","targetHints":{"allow":["GET"]}}],"collection":[{"href":"https:\/\/laultimapalabra.com.mx\/portal\/wp-json\/wp\/v2\/posts"}],"about":[{"href":"https:\/\/laultimapalabra.com.mx\/portal\/wp-json\/wp\/v2\/types\/post"}],"author":[{"embeddable":true,"href":"https:\/\/laultimapalabra.com.mx\/portal\/wp-json\/wp\/v2\/users\/9"}],"replies":[{"embeddable":true,"href":"https:\/\/laultimapalabra.com.mx\/portal\/wp-json\/wp\/v2\/comments?post=21801"}],"version-history":[{"count":2,"href":"https:\/\/laultimapalabra.com.mx\/portal\/wp-json\/wp\/v2\/posts\/21801\/revisions"}],"predecessor-version":[{"id":73930,"href":"https:\/\/laultimapalabra.com.mx\/portal\/wp-json\/wp\/v2\/posts\/21801\/revisions\/73930"}],"wp:featuredmedia":[{"embeddable":true,"href":"https:\/\/laultimapalabra.com.mx\/portal\/wp-json\/wp\/v2\/media\/21788"}],"wp:attachment":[{"href":"https:\/\/laultimapalabra.com.mx\/portal\/wp-json\/wp\/v2\/media?parent=21801"}],"wp:term":[{"taxonomy":"category","embeddable":true,"href":"https:\/\/laultimapalabra.com.mx\/portal\/wp-json\/wp\/v2\/categories?post=21801"},{"taxonomy":"post_tag","embeddable":true,"href":"https:\/\/laultimapalabra.com.mx\/portal\/wp-json\/wp\/v2\/tags?post=21801"}],"curies":[{"name":"wp","href":"https:\/\/api.w.org\/{rel}","templated":true}]}}