                       {"id":21803,"date":"2021-09-01T13:29:45","date_gmt":"2021-09-01T19:29:45","guid":{"rendered":"https:\/\/laultimapalabra.com.mx\/portal\/?p=21803"},"modified":"2024-12-11T10:15:24","modified_gmt":"2024-12-11T16:15:24","slug":"siguen-los-choques-en-cadereyta-ahora-choque-de-crucero-en-zona-centro","status":"publish","type":"post","link":"https:\/\/laultimapalabra.com.mx\/portal\/siguen-los-choques-en-cadereyta-ahora-choque-de-crucero-en-zona-centro\/","title":{"rendered":"Siguen los choques en Cadereyta; ahora choque de crucero en zona centro."},"content":{"rendered":"<p><span style=\"font-size: 1rem;\"><img loading=\"lazy\" decoding=\"async\" class=\"size-medium wp-image-21790 alignleft\" src=\"https:\/\/laultimapalabra.com.mx\/portal\/wp-content\/uploads\/2021\/09\/IMG-20210901-WA0012-300x200.jpg\" alt=\"\" width=\"300\" height=\"200\" srcset=\"https:\/\/laultimapalabra.com.mx\/portal\/wp-content\/uploads\/2021\/09\/IMG-20210901-WA0012-300x200.jpg 300w, https:\/\/laultimapalabra.com.mx\/portal\/wp-content\/uploads\/2021\/09\/IMG-20210901-WA0012-768x512.jpg 768w, https:\/\/laultimapalabra.com.mx\/portal\/wp-content\/uploads\/2021\/09\/IMG-20210901-WA0012.jpg 946w\" sizes=\"auto, (max-width: 300px) 100vw, 300px\" \/>Cadereyta Jim\u00e9nez, N.L.-<\/span><\/p>\n<p>Esta ma\u00f1ana alrededor de las 6:30 horas, se suscit\u00f3 un accidente vial tipo choque de crucero, donde un veh\u00edculo termin\u00f3 volcado.<br \/>\nLos hechos se dieron en la calle Hidalgo cruz con Eugenio Serrano en la zona centro del municipio.<br \/>\nLos protagonistas fueron una camioneta Ford Explorer de color negro y una camioneta Honda Odissey de color dorado.<br \/>\nAl lugar acudieron elementos de Servicios de Emergencia Cadereyta, pero afortunadamente y pese a lo aparatoso del accidente no hubo lesionados.<br \/>\nElementos de Tr\u00e1nsito Municipal arribaron al lugar para iniciar las investigaciones y deslindar responsabilidades de este percance.<\/p>\n<p>Fuente: La \u00daltima Palabra<\/p>\n","protected":false},"excerpt":{"rendered":"<p>Cadereyta Jim\u00e9nez, N.L.- Esta ma\u00f1ana alrededor de las 6:30 horas, se suscit\u00f3 un accidente vial tipo choque de crucero, donde un veh\u00edculo termin\u00f3 volcado. Los hechos se dieron en la calle Hidalgo cruz con Eugenio Serrano en la zona centro del municipio. Los protagonistas fueron una camioneta Ford Explorer de color negro y una camioneta [&hellip;]<\/p>\n","protected":false},"author":9,"featured_media":21791,"comment_status":"closed","ping_status":"closed","sticky":false,"template":"","format":"standard","meta":{"footnotes":""},"categories":[8,9],"tags":[2747,3076],"class_list":["post-21803","post","type-post","status-publish","format-standard","has-post-thumbnail","hentry","category-seguridad","category-seguridad-cadereyta","tag-accidentes-viales-cadereyta","tag-fuente-la-ultima-palabra"],"_links":{"self":[{"href":"https:\/\/laultimapalabra.com.mx\/portal\/wp-json\/wp\/v2\/posts\/21803","targetHints":{"allow":["GET"]}}],"collection":[{"href":"https:\/\/laultimapalabra.com.mx\/portal\/wp-json\/wp\/v2\/posts"}],"about":[{"href":"https:\/\/laultimapalabra.com.mx\/portal\/wp-json\/wp\/v2\/types\/post"}],"author":[{"embeddable":true,"href":"https:\/\/laultimapalabra.com.mx\/portal\/wp-json\/wp\/v2\/users\/9"}],"replies":[{"embeddable":true,"href":"https:\/\/laultimapalabra.com.mx\/portal\/wp-json\/wp\/v2\/comments?post=21803"}],"version-history":[{"count":2,"href":"https:\/\/laultimapalabra.com.mx\/portal\/wp-json\/wp\/v2\/posts\/21803\/revisions"}],"predecessor-version":[{"id":73932,"href":"https:\/\/laultimapalabra.com.mx\/portal\/wp-json\/wp\/v2\/posts\/21803\/revisions\/73932"}],"wp:featuredmedia":[{"embeddable":true,"href":"https:\/\/laultimapalabra.com.mx\/portal\/wp-json\/wp\/v2\/media\/21791"}],"wp:attachment":[{"href":"https:\/\/laultimapalabra.com.mx\/portal\/wp-json\/wp\/v2\/media?parent=21803"}],"wp:term":[{"taxonomy":"category","embeddable":true,"href":"https:\/\/laultimapalabra.com.mx\/portal\/wp-json\/wp\/v2\/categories?post=21803"},{"taxonomy":"post_tag","embeddable":true,"href":"https:\/\/laultimapalabra.com.mx\/portal\/wp-json\/wp\/v2\/tags?post=21803"}],"curies":[{"name":"wp","href":"https:\/\/api.w.org\/{rel}","templated":true}]}}