                       {"id":21825,"date":"2021-09-02T11:20:48","date_gmt":"2021-09-02T17:20:48","guid":{"rendered":"https:\/\/laultimapalabra.com.mx\/portal\/?p=21825"},"modified":"2024-12-11T10:15:25","modified_gmt":"2024-12-11T16:15:25","slug":"ejecutan-a-uno-en-la-lazaro","status":"publish","type":"post","link":"https:\/\/laultimapalabra.com.mx\/portal\/ejecutan-a-uno-en-la-lazaro\/","title":{"rendered":"Ejecutan a uno en la L\u00e1zaro"},"content":{"rendered":"<p><span style=\"font-size: 1rem;\"><img loading=\"lazy\" decoding=\"async\" class=\"size-medium wp-image-21819 alignleft\" src=\"https:\/\/laultimapalabra.com.mx\/portal\/wp-content\/uploads\/2021\/09\/IMG-20210901-WA0052-300x169.jpg\" alt=\"\" width=\"300\" height=\"169\" srcset=\"https:\/\/laultimapalabra.com.mx\/portal\/wp-content\/uploads\/2021\/09\/IMG-20210901-WA0052-300x169.jpg 300w, https:\/\/laultimapalabra.com.mx\/portal\/wp-content\/uploads\/2021\/09\/IMG-20210901-WA0052-1024x576.jpg 1024w, https:\/\/laultimapalabra.com.mx\/portal\/wp-content\/uploads\/2021\/09\/IMG-20210901-WA0052-768x432.jpg 768w, https:\/\/laultimapalabra.com.mx\/portal\/wp-content\/uploads\/2021\/09\/IMG-20210901-WA0052-1536x864.jpg 1536w, https:\/\/laultimapalabra.com.mx\/portal\/wp-content\/uploads\/2021\/09\/IMG-20210901-WA0052.jpg 1600w\" sizes=\"auto, (max-width: 300px) 100vw, 300px\" \/>Cadereyta Jim\u00e9nez, N.L.- Un hombre fue ejecutado la noche de ayer en la colonia L\u00e1zaro C\u00e1rdenas del municipio de Cadereyta.<\/span><\/p>\n<p>La ejecuci\u00f3n se dio en la calle Mariano Jim\u00e9nez cruz con M. M. Del Llano en la colonia ya mencionada donde hombres armados llegaron a un domicilio y abrieron fuego contra un hombre que termin\u00f3 ejecutado despu\u00e9s de unos minutos que permaneci\u00f3 con vida.<br \/>\nLa v\u00edctima fue identificada como Enrique P\u00e9rez de 58 a\u00f1os de edad.<br \/>\nPara las investigaciones correspondientes se presentaron la Polic\u00eda Municipal, la Agencia Estatal de Investigaciones y Servicios Periciales.<\/p>\n<p>Fuente: La \u00daltima Palabra<\/p>\n","protected":false},"excerpt":{"rendered":"<p>Cadereyta Jim\u00e9nez, N.L.- Un hombre fue ejecutado la noche de ayer en la colonia L\u00e1zaro C\u00e1rdenas del municipio de Cadereyta. La ejecuci\u00f3n se dio en la calle Mariano Jim\u00e9nez cruz con M. M. Del Llano en la colonia ya mencionada donde hombres armados llegaron a un domicilio y abrieron fuego contra un hombre que termin\u00f3 [&hellip;]<\/p>\n","protected":false},"author":9,"featured_media":21818,"comment_status":"closed","ping_status":"closed","sticky":false,"template":"","format":"standard","meta":{"footnotes":""},"categories":[8,9],"tags":[926,3076],"class_list":["post-21825","post","type-post","status-publish","format-standard","has-post-thumbnail","hentry","category-seguridad","category-seguridad-cadereyta","tag-ejecutados-cadereyta","tag-fuente-la-ultima-palabra"],"_links":{"self":[{"href":"https:\/\/laultimapalabra.com.mx\/portal\/wp-json\/wp\/v2\/posts\/21825","targetHints":{"allow":["GET"]}}],"collection":[{"href":"https:\/\/laultimapalabra.com.mx\/portal\/wp-json\/wp\/v2\/posts"}],"about":[{"href":"https:\/\/laultimapalabra.com.mx\/portal\/wp-json\/wp\/v2\/types\/post"}],"author":[{"embeddable":true,"href":"https:\/\/laultimapalabra.com.mx\/portal\/wp-json\/wp\/v2\/users\/9"}],"replies":[{"embeddable":true,"href":"https:\/\/laultimapalabra.com.mx\/portal\/wp-json\/wp\/v2\/comments?post=21825"}],"version-history":[{"count":2,"href":"https:\/\/laultimapalabra.com.mx\/portal\/wp-json\/wp\/v2\/posts\/21825\/revisions"}],"predecessor-version":[{"id":73942,"href":"https:\/\/laultimapalabra.com.mx\/portal\/wp-json\/wp\/v2\/posts\/21825\/revisions\/73942"}],"wp:featuredmedia":[{"embeddable":true,"href":"https:\/\/laultimapalabra.com.mx\/portal\/wp-json\/wp\/v2\/media\/21818"}],"wp:attachment":[{"href":"https:\/\/laultimapalabra.com.mx\/portal\/wp-json\/wp\/v2\/media?parent=21825"}],"wp:term":[{"taxonomy":"category","embeddable":true,"href":"https:\/\/laultimapalabra.com.mx\/portal\/wp-json\/wp\/v2\/categories?post=21825"},{"taxonomy":"post_tag","embeddable":true,"href":"https:\/\/laultimapalabra.com.mx\/portal\/wp-json\/wp\/v2\/tags?post=21825"}],"curies":[{"name":"wp","href":"https:\/\/api.w.org\/{rel}","templated":true}]}}