                       {"id":21837,"date":"2021-09-03T11:02:47","date_gmt":"2021-09-03T17:02:47","guid":{"rendered":"https:\/\/laultimapalabra.com.mx\/portal\/?p=21837"},"modified":"2024-12-11T10:15:25","modified_gmt":"2024-12-11T16:15:25","slug":"deja-muerto-fuerte-accidente-en-la-cadereyta-allende","status":"publish","type":"post","link":"https:\/\/laultimapalabra.com.mx\/portal\/deja-muerto-fuerte-accidente-en-la-cadereyta-allende\/","title":{"rendered":"Deja muerto fuerte accidente en la Cadereyta-Allende"},"content":{"rendered":"<p><span style=\"font-size: 1rem;\"><img loading=\"lazy\" decoding=\"async\" class=\"size-medium wp-image-21839 alignleft\" src=\"https:\/\/laultimapalabra.com.mx\/portal\/wp-content\/uploads\/2021\/09\/IMG-20210903-WA0002-300x169.jpg\" alt=\"\" width=\"300\" height=\"169\" srcset=\"https:\/\/laultimapalabra.com.mx\/portal\/wp-content\/uploads\/2021\/09\/IMG-20210903-WA0002-300x169.jpg 300w, https:\/\/laultimapalabra.com.mx\/portal\/wp-content\/uploads\/2021\/09\/IMG-20210903-WA0002-1024x576.jpg 1024w, https:\/\/laultimapalabra.com.mx\/portal\/wp-content\/uploads\/2021\/09\/IMG-20210903-WA0002-768x432.jpg 768w, https:\/\/laultimapalabra.com.mx\/portal\/wp-content\/uploads\/2021\/09\/IMG-20210903-WA0002-1536x864.jpg 1536w, https:\/\/laultimapalabra.com.mx\/portal\/wp-content\/uploads\/2021\/09\/IMG-20210903-WA0002.jpg 1600w\" sizes=\"auto, (max-width: 300px) 100vw, 300px\" \/>Cadereyta Jim\u00e9nez, N.L.- Un muerto fue el resultado de un fuerte accidente que se suscit\u00f3 est\u00e1 ma\u00f1ana sobre la carretera Cadereyta-Allende por el km 10 aproximadamente.<\/span><\/p>\n<p>Los protagonistas fueron una camioneta explorer Escape color amarillo y un tr\u00e1iler de la l\u00ednea Carel Expr\u00e9ss, siendo este \u00faltimo considerado como presunto responsable del percance al invadir carril.<br \/>\nLamentablemente, el conductor de la camioneta perdi\u00f3 la vida y sigue sin ser identificado.<br \/>\nComo consecuencia del encontronazo se formaron largas filas de casi 4 km de largo, de Cadereyta a Allende hasta El Castillo y de Allende hacia Cadereyta hasta la empresa Tytal.<br \/>\nEstuvieron a cargo de atender las investigaciones para deslindar responsabilidades y atender a los participantes Servicios de Emergencia Cadereyta, Guardia Nacional y Servicios Periciales.<\/p>\n<p>Fuente: La \u00daltima Palabra<\/p>\n","protected":false},"excerpt":{"rendered":"<p>Cadereyta Jim\u00e9nez, N.L.- Un muerto fue el resultado de un fuerte accidente que se suscit\u00f3 est\u00e1 ma\u00f1ana sobre la carretera Cadereyta-Allende por el km 10 aproximadamente. Los protagonistas fueron una camioneta explorer Escape color amarillo y un tr\u00e1iler de la l\u00ednea Carel Expr\u00e9ss, siendo este \u00faltimo considerado como presunto responsable del percance al invadir carril. [&hellip;]<\/p>\n","protected":false},"author":9,"featured_media":21838,"comment_status":"closed","ping_status":"closed","sticky":false,"template":"","format":"standard","meta":{"footnotes":""},"categories":[17],"tags":[2747,3076],"class_list":["post-21837","post","type-post","status-publish","format-standard","has-post-thumbnail","hentry","category-locales-cadereyta","tag-accidentes-viales-cadereyta","tag-fuente-la-ultima-palabra"],"_links":{"self":[{"href":"https:\/\/laultimapalabra.com.mx\/portal\/wp-json\/wp\/v2\/posts\/21837","targetHints":{"allow":["GET"]}}],"collection":[{"href":"https:\/\/laultimapalabra.com.mx\/portal\/wp-json\/wp\/v2\/posts"}],"about":[{"href":"https:\/\/laultimapalabra.com.mx\/portal\/wp-json\/wp\/v2\/types\/post"}],"author":[{"embeddable":true,"href":"https:\/\/laultimapalabra.com.mx\/portal\/wp-json\/wp\/v2\/users\/9"}],"replies":[{"embeddable":true,"href":"https:\/\/laultimapalabra.com.mx\/portal\/wp-json\/wp\/v2\/comments?post=21837"}],"version-history":[{"count":2,"href":"https:\/\/laultimapalabra.com.mx\/portal\/wp-json\/wp\/v2\/posts\/21837\/revisions"}],"predecessor-version":[{"id":73948,"href":"https:\/\/laultimapalabra.com.mx\/portal\/wp-json\/wp\/v2\/posts\/21837\/revisions\/73948"}],"wp:featuredmedia":[{"embeddable":true,"href":"https:\/\/laultimapalabra.com.mx\/portal\/wp-json\/wp\/v2\/media\/21838"}],"wp:attachment":[{"href":"https:\/\/laultimapalabra.com.mx\/portal\/wp-json\/wp\/v2\/media?parent=21837"}],"wp:term":[{"taxonomy":"category","embeddable":true,"href":"https:\/\/laultimapalabra.com.mx\/portal\/wp-json\/wp\/v2\/categories?post=21837"},{"taxonomy":"post_tag","embeddable":true,"href":"https:\/\/laultimapalabra.com.mx\/portal\/wp-json\/wp\/v2\/tags?post=21837"}],"curies":[{"name":"wp","href":"https:\/\/api.w.org\/{rel}","templated":true}]}}