                       {"id":21882,"date":"2021-09-06T10:41:03","date_gmt":"2021-09-06T16:41:03","guid":{"rendered":"https:\/\/laultimapalabra.com.mx\/portal\/?p=21882"},"modified":"2024-12-11T10:15:26","modified_gmt":"2024-12-11T16:15:26","slug":"realiza-gobierno-de-juarez-exitosa-macro-feria-del-empleo","status":"publish","type":"post","link":"https:\/\/laultimapalabra.com.mx\/portal\/realiza-gobierno-de-juarez-exitosa-macro-feria-del-empleo\/","title":{"rendered":"Realiza Gobierno de Ju\u00e1rez exitosa Macro Feria del Empleo"},"content":{"rendered":"<div style=\"width: 640px;\" class=\"wp-video\"><video class=\"wp-video-shortcode\" id=\"video-21882-1\" width=\"640\" height=\"352\" preload=\"metadata\" controls=\"controls\"><source type=\"video\/mp4\" src=\"https:\/\/laultimapalabra.com.mx\/portal\/wp-content\/uploads\/2021\/09\/VID-20210906-WA0004.mp4?_=1\" \/><a href=\"https:\/\/laultimapalabra.com.mx\/portal\/wp-content\/uploads\/2021\/09\/VID-20210906-WA0004.mp4\">https:\/\/laultimapalabra.com.mx\/portal\/wp-content\/uploads\/2021\/09\/VID-20210906-WA0004.mp4<\/a><\/video><\/div>\n<p>&nbsp;<\/p>\n<p><span style=\"font-size: 1rem;\">Juarez, N.L.- Dirigida a alumnos y personas en general, la MACRO Feria del Empleo se desarroll\u00f3 en la explanada del CONALEP de Ju\u00e1rez en la colonia Villas de San Jos\u00e9 donde m\u00e1s de 30 empresas con 1,500 plazas disponibles estuvieron al alcance de los juarenses de las 10 am a las 13:00 horas.<\/span><\/p>\n<p>Estuvieron presentes la<br \/>\nDirectora del Empleo en el municipio, Ana Bazald\u00faa y la Secretaria de Desarrollo Econ\u00f3mico, Rosario Saenz.<\/p>\n<p>&nbsp;<\/p>\n","protected":false},"excerpt":{"rendered":"<p>&nbsp; Juarez, N.L.- Dirigida a alumnos y personas en general, la MACRO Feria del Empleo se desarroll\u00f3 en la explanada del CONALEP de Ju\u00e1rez en la colonia Villas de San Jos\u00e9 donde m\u00e1s de 30 empresas con 1,500 plazas disponibles estuvieron al alcance de los juarenses de las 10 am a las 13:00 horas. Estuvieron [&hellip;]<\/p>\n","protected":false},"author":9,"featured_media":21884,"comment_status":"closed","ping_status":"closed","sticky":false,"template":"","format":"standard","meta":{"footnotes":""},"categories":[18],"tags":[1062,3076,2394],"class_list":["post-21882","post","type-post","status-publish","format-standard","has-post-thumbnail","hentry","category-locales-juarez","tag-feria-del-empleo-juarez","tag-fuente-la-ultima-palabra","tag-rosario-saenz"],"_links":{"self":[{"href":"https:\/\/laultimapalabra.com.mx\/portal\/wp-json\/wp\/v2\/posts\/21882","targetHints":{"allow":["GET"]}}],"collection":[{"href":"https:\/\/laultimapalabra.com.mx\/portal\/wp-json\/wp\/v2\/posts"}],"about":[{"href":"https:\/\/laultimapalabra.com.mx\/portal\/wp-json\/wp\/v2\/types\/post"}],"author":[{"embeddable":true,"href":"https:\/\/laultimapalabra.com.mx\/portal\/wp-json\/wp\/v2\/users\/9"}],"replies":[{"embeddable":true,"href":"https:\/\/laultimapalabra.com.mx\/portal\/wp-json\/wp\/v2\/comments?post=21882"}],"version-history":[{"count":2,"href":"https:\/\/laultimapalabra.com.mx\/portal\/wp-json\/wp\/v2\/posts\/21882\/revisions"}],"predecessor-version":[{"id":73966,"href":"https:\/\/laultimapalabra.com.mx\/portal\/wp-json\/wp\/v2\/posts\/21882\/revisions\/73966"}],"wp:featuredmedia":[{"embeddable":true,"href":"https:\/\/laultimapalabra.com.mx\/portal\/wp-json\/wp\/v2\/media\/21884"}],"wp:attachment":[{"href":"https:\/\/laultimapalabra.com.mx\/portal\/wp-json\/wp\/v2\/media?parent=21882"}],"wp:term":[{"taxonomy":"category","embeddable":true,"href":"https:\/\/laultimapalabra.com.mx\/portal\/wp-json\/wp\/v2\/categories?post=21882"},{"taxonomy":"post_tag","embeddable":true,"href":"https:\/\/laultimapalabra.com.mx\/portal\/wp-json\/wp\/v2\/tags?post=21882"}],"curies":[{"name":"wp","href":"https:\/\/api.w.org\/{rel}","templated":true}]}}