                       {"id":21898,"date":"2021-09-06T14:59:39","date_gmt":"2021-09-06T20:59:39","guid":{"rendered":"https:\/\/laultimapalabra.com.mx\/portal\/?p=21898"},"modified":"2024-12-11T10:15:27","modified_gmt":"2024-12-11T16:15:27","slug":"reportan-delicado-pero-estable-al-doctor-sabas-tamez","status":"publish","type":"post","link":"https:\/\/laultimapalabra.com.mx\/portal\/reportan-delicado-pero-estable-al-doctor-sabas-tamez\/","title":{"rendered":"Reportan delicado, pero estable al doctor Sab\u00e1s Tamez"},"content":{"rendered":"<p><span style=\"font-size: 1rem;\"><img loading=\"lazy\" decoding=\"async\" class=\"size-medium wp-image-21900 alignleft\" src=\"https:\/\/laultimapalabra.com.mx\/portal\/wp-content\/uploads\/2021\/09\/IMG-20210906-WA0043-300x225.jpg\" alt=\"\" width=\"300\" height=\"225\" srcset=\"https:\/\/laultimapalabra.com.mx\/portal\/wp-content\/uploads\/2021\/09\/IMG-20210906-WA0043-300x225.jpg 300w, https:\/\/laultimapalabra.com.mx\/portal\/wp-content\/uploads\/2021\/09\/IMG-20210906-WA0043.jpg 720w\" sizes=\"auto, (max-width: 300px) 100vw, 300px\" \/>Cadereyta Jim\u00e9nez, N.L.<\/span><\/p>\n<p>En otro tema, muy triste por cierto, le comento que la familia del doctor Sabas Ren\u00e9 Tamez P\u00e9rez, inform\u00f3 que el conocido m\u00e9dico, contin\u00faa delicado de salud; sin embargo su estado es estable.<br \/>\nDesminti\u00f3 adem\u00e1s algunas publicaciones enga\u00f1osas donde se malinformaba de su fallecimiento, lo cual es falso y mal intencionado.<br \/>\nLas causas de su estado fue producto de una aparente broncoaspiracion que caus\u00f3 inflamaci\u00f3n en su cerebro y no de algunas falsas versiones que se han difundido.<br \/>\nAl mismo tiempo piden de sus oraciones por la salud del reconocido galeno Jimenense.<\/p>\n<p>Fuente: La \u00daltima Palabra<\/p>\n","protected":false},"excerpt":{"rendered":"<p>Cadereyta Jim\u00e9nez, N.L. En otro tema, muy triste por cierto, le comento que la familia del doctor Sabas Ren\u00e9 Tamez P\u00e9rez, inform\u00f3 que el conocido m\u00e9dico, contin\u00faa delicado de salud; sin embargo su estado es estable. Desminti\u00f3 adem\u00e1s algunas publicaciones enga\u00f1osas donde se malinformaba de su fallecimiento, lo cual es falso y mal intencionado. Las [&hellip;]<\/p>\n","protected":false},"author":9,"featured_media":21899,"comment_status":"closed","ping_status":"closed","sticky":false,"template":"","format":"standard","meta":{"footnotes":""},"categories":[17],"tags":[3076,2063],"class_list":["post-21898","post","type-post","status-publish","format-standard","has-post-thumbnail","hentry","category-locales-cadereyta","tag-fuente-la-ultima-palabra","tag-sabas-rene-tamez-perez"],"_links":{"self":[{"href":"https:\/\/laultimapalabra.com.mx\/portal\/wp-json\/wp\/v2\/posts\/21898","targetHints":{"allow":["GET"]}}],"collection":[{"href":"https:\/\/laultimapalabra.com.mx\/portal\/wp-json\/wp\/v2\/posts"}],"about":[{"href":"https:\/\/laultimapalabra.com.mx\/portal\/wp-json\/wp\/v2\/types\/post"}],"author":[{"embeddable":true,"href":"https:\/\/laultimapalabra.com.mx\/portal\/wp-json\/wp\/v2\/users\/9"}],"replies":[{"embeddable":true,"href":"https:\/\/laultimapalabra.com.mx\/portal\/wp-json\/wp\/v2\/comments?post=21898"}],"version-history":[{"count":2,"href":"https:\/\/laultimapalabra.com.mx\/portal\/wp-json\/wp\/v2\/posts\/21898\/revisions"}],"predecessor-version":[{"id":73972,"href":"https:\/\/laultimapalabra.com.mx\/portal\/wp-json\/wp\/v2\/posts\/21898\/revisions\/73972"}],"wp:featuredmedia":[{"embeddable":true,"href":"https:\/\/laultimapalabra.com.mx\/portal\/wp-json\/wp\/v2\/media\/21899"}],"wp:attachment":[{"href":"https:\/\/laultimapalabra.com.mx\/portal\/wp-json\/wp\/v2\/media?parent=21898"}],"wp:term":[{"taxonomy":"category","embeddable":true,"href":"https:\/\/laultimapalabra.com.mx\/portal\/wp-json\/wp\/v2\/categories?post=21898"},{"taxonomy":"post_tag","embeddable":true,"href":"https:\/\/laultimapalabra.com.mx\/portal\/wp-json\/wp\/v2\/tags?post=21898"}],"curies":[{"name":"wp","href":"https:\/\/api.w.org\/{rel}","templated":true}]}}