                       {"id":21903,"date":"2021-09-07T12:38:12","date_gmt":"2021-09-07T18:38:12","guid":{"rendered":"https:\/\/laultimapalabra.com.mx\/portal\/?p=21903"},"modified":"2024-12-11T10:15:27","modified_gmt":"2024-12-11T16:15:27","slug":"deja-accidente-vial-a-mujer-con-heridas-leves-y-vehiculo-en-perdida-total","status":"publish","type":"post","link":"https:\/\/laultimapalabra.com.mx\/portal\/deja-accidente-vial-a-mujer-con-heridas-leves-y-vehiculo-en-perdida-total\/","title":{"rendered":"Deja accidente vial a mujer con heridas leves y veh\u00edculo en p\u00e9rdida total"},"content":{"rendered":"<p><span style=\"font-size: 1rem;\"><img loading=\"lazy\" decoding=\"async\" class=\"size-medium wp-image-21905 alignleft\" src=\"https:\/\/laultimapalabra.com.mx\/portal\/wp-content\/uploads\/2021\/09\/IMG-20210906-WA0092-300x135.jpg\" alt=\"\" width=\"300\" height=\"135\" srcset=\"https:\/\/laultimapalabra.com.mx\/portal\/wp-content\/uploads\/2021\/09\/IMG-20210906-WA0092-300x135.jpg 300w, https:\/\/laultimapalabra.com.mx\/portal\/wp-content\/uploads\/2021\/09\/IMG-20210906-WA0092-1024x461.jpg 1024w, https:\/\/laultimapalabra.com.mx\/portal\/wp-content\/uploads\/2021\/09\/IMG-20210906-WA0092-768x346.jpg 768w, https:\/\/laultimapalabra.com.mx\/portal\/wp-content\/uploads\/2021\/09\/IMG-20210906-WA0092-1536x691.jpg 1536w, https:\/\/laultimapalabra.com.mx\/portal\/wp-content\/uploads\/2021\/09\/IMG-20210906-WA0092.jpg 1600w\" sizes=\"auto, (max-width: 300px) 100vw, 300px\" \/>Cadereyta Jim\u00e9nez, N.L.-<\/span><\/p>\n<p>La tarde de ayer alrededor de las 19:00 horas se registr\u00f3 un accidente vial, por alcance donde una mujer result\u00f3 con heridas leves en la frente y dej\u00f3 la perdida total de un veh\u00edculo.<br \/>\nLos hechos se dieron en el Libramiento Alfonso Mart\u00ednez Dom\u00ednguez, a la altura de la colonia Bella Vista en el municipio de Cadereyta, donde el conductor de la camioneta Chevrolet de color azul trata de hacer una vuelta en &#8220;U&#8221;, por lo que es impactado por la parte trasera, por un autom\u00f3vil Toyota de color guindo que termin\u00f3 destrozado.<br \/>\nAl lugar acudieron elementos de Tr\u00e1nsito Municipal de Cadereyta, quienes abanderaron el lugar y empezaron las investigaciones, para deslindar responsabilidades.<\/p>\n","protected":false},"excerpt":{"rendered":"<p>Cadereyta Jim\u00e9nez, N.L.- La tarde de ayer alrededor de las 19:00 horas se registr\u00f3 un accidente vial, por alcance donde una mujer result\u00f3 con heridas leves en la frente y dej\u00f3 la perdida total de un veh\u00edculo. Los hechos se dieron en el Libramiento Alfonso Mart\u00ednez Dom\u00ednguez, a la altura de la colonia Bella Vista [&hellip;]<\/p>\n","protected":false},"author":9,"featured_media":21904,"comment_status":"closed","ping_status":"closed","sticky":false,"template":"","format":"standard","meta":{"footnotes":""},"categories":[8,9],"tags":[2747,3076],"class_list":["post-21903","post","type-post","status-publish","format-standard","has-post-thumbnail","hentry","category-seguridad","category-seguridad-cadereyta","tag-accidentes-viales-cadereyta","tag-fuente-la-ultima-palabra"],"_links":{"self":[{"href":"https:\/\/laultimapalabra.com.mx\/portal\/wp-json\/wp\/v2\/posts\/21903","targetHints":{"allow":["GET"]}}],"collection":[{"href":"https:\/\/laultimapalabra.com.mx\/portal\/wp-json\/wp\/v2\/posts"}],"about":[{"href":"https:\/\/laultimapalabra.com.mx\/portal\/wp-json\/wp\/v2\/types\/post"}],"author":[{"embeddable":true,"href":"https:\/\/laultimapalabra.com.mx\/portal\/wp-json\/wp\/v2\/users\/9"}],"replies":[{"embeddable":true,"href":"https:\/\/laultimapalabra.com.mx\/portal\/wp-json\/wp\/v2\/comments?post=21903"}],"version-history":[{"count":2,"href":"https:\/\/laultimapalabra.com.mx\/portal\/wp-json\/wp\/v2\/posts\/21903\/revisions"}],"predecessor-version":[{"id":73974,"href":"https:\/\/laultimapalabra.com.mx\/portal\/wp-json\/wp\/v2\/posts\/21903\/revisions\/73974"}],"wp:featuredmedia":[{"embeddable":true,"href":"https:\/\/laultimapalabra.com.mx\/portal\/wp-json\/wp\/v2\/media\/21904"}],"wp:attachment":[{"href":"https:\/\/laultimapalabra.com.mx\/portal\/wp-json\/wp\/v2\/media?parent=21903"}],"wp:term":[{"taxonomy":"category","embeddable":true,"href":"https:\/\/laultimapalabra.com.mx\/portal\/wp-json\/wp\/v2\/categories?post=21903"},{"taxonomy":"post_tag","embeddable":true,"href":"https:\/\/laultimapalabra.com.mx\/portal\/wp-json\/wp\/v2\/tags?post=21903"}],"curies":[{"name":"wp","href":"https:\/\/api.w.org\/{rel}","templated":true}]}}