                       {"id":21977,"date":"2021-09-09T13:50:48","date_gmt":"2021-09-09T19:50:48","guid":{"rendered":"https:\/\/laultimapalabra.com.mx\/portal\/?p=21977"},"modified":"2024-12-11T10:15:28","modified_gmt":"2024-12-11T16:15:28","slug":"rendira-everardo-benavides-iii-informe-por-via-zoom","status":"publish","type":"post","link":"https:\/\/laultimapalabra.com.mx\/portal\/rendira-everardo-benavides-iii-informe-por-via-zoom\/","title":{"rendered":"Rendir\u00e1 Everardo Benavides III informe por v\u00eda Zoom"},"content":{"rendered":"<p><span style=\"font-size: 1rem;\"><img loading=\"lazy\" decoding=\"async\" class=\"size-medium wp-image-21979 alignleft\" src=\"https:\/\/laultimapalabra.com.mx\/portal\/wp-content\/uploads\/2021\/09\/IMG-20210909-WA0003-225x300.jpg\" alt=\"\" width=\"225\" height=\"300\" srcset=\"https:\/\/laultimapalabra.com.mx\/portal\/wp-content\/uploads\/2021\/09\/IMG-20210909-WA0003-225x300.jpg 225w, https:\/\/laultimapalabra.com.mx\/portal\/wp-content\/uploads\/2021\/09\/IMG-20210909-WA0003.jpg 720w\" sizes=\"auto, (max-width: 225px) 100vw, 225px\" \/>Ju\u00e1rez, N. L.- La actual administraci\u00f3n municipal de Ju\u00e1rez se prepara para la \u00faltima rendici\u00f3n de cuentas a la ciudadan\u00eda el pr\u00f3ximo martes 14 de septiembre.<\/span><\/p>\n<p>El edil juarense, Everardo Benavides Villarreal, con invitados del Poder Judicial, representantes del Poder Legislativo y de la S\u00e9ptima Zona Militar, rendir\u00e1 el tercer Informe de Gobierno por v\u00eda zoom a las 11:00 del mediod\u00eda.<br \/>\nLa administraci\u00f3n municipal opt\u00f3 por esta plataforma de comunicaci\u00f3n debido a las medidas sanitarias por el Covid 19.<br \/>\nLos representantes de los poderes ejecutivo, legislativo y judicial tambi\u00e9n estar\u00e1n presentes por v\u00eda zoom.<\/p>\n","protected":false},"excerpt":{"rendered":"<p>Ju\u00e1rez, N. L.- La actual administraci\u00f3n municipal de Ju\u00e1rez se prepara para la \u00faltima rendici\u00f3n de cuentas a la ciudadan\u00eda el pr\u00f3ximo martes 14 de septiembre. El edil juarense, Everardo Benavides Villarreal, con invitados del Poder Judicial, representantes del Poder Legislativo y de la S\u00e9ptima Zona Militar, rendir\u00e1 el tercer Informe de Gobierno por v\u00eda [&hellip;]<\/p>\n","protected":false},"author":9,"featured_media":21978,"comment_status":"closed","ping_status":"closed","sticky":false,"template":"","format":"standard","meta":{"footnotes":""},"categories":[18],"tags":[2720,3076,3261],"class_list":["post-21977","post","type-post","status-publish","format-standard","has-post-thumbnail","hentry","category-locales-juarez","tag-everardo-benavides","tag-fuente-la-ultima-palabra","tag-iii-informe-juarez-2018-2021"],"_links":{"self":[{"href":"https:\/\/laultimapalabra.com.mx\/portal\/wp-json\/wp\/v2\/posts\/21977","targetHints":{"allow":["GET"]}}],"collection":[{"href":"https:\/\/laultimapalabra.com.mx\/portal\/wp-json\/wp\/v2\/posts"}],"about":[{"href":"https:\/\/laultimapalabra.com.mx\/portal\/wp-json\/wp\/v2\/types\/post"}],"author":[{"embeddable":true,"href":"https:\/\/laultimapalabra.com.mx\/portal\/wp-json\/wp\/v2\/users\/9"}],"replies":[{"embeddable":true,"href":"https:\/\/laultimapalabra.com.mx\/portal\/wp-json\/wp\/v2\/comments?post=21977"}],"version-history":[{"count":2,"href":"https:\/\/laultimapalabra.com.mx\/portal\/wp-json\/wp\/v2\/posts\/21977\/revisions"}],"predecessor-version":[{"id":74002,"href":"https:\/\/laultimapalabra.com.mx\/portal\/wp-json\/wp\/v2\/posts\/21977\/revisions\/74002"}],"wp:featuredmedia":[{"embeddable":true,"href":"https:\/\/laultimapalabra.com.mx\/portal\/wp-json\/wp\/v2\/media\/21978"}],"wp:attachment":[{"href":"https:\/\/laultimapalabra.com.mx\/portal\/wp-json\/wp\/v2\/media?parent=21977"}],"wp:term":[{"taxonomy":"category","embeddable":true,"href":"https:\/\/laultimapalabra.com.mx\/portal\/wp-json\/wp\/v2\/categories?post=21977"},{"taxonomy":"post_tag","embeddable":true,"href":"https:\/\/laultimapalabra.com.mx\/portal\/wp-json\/wp\/v2\/tags?post=21977"}],"curies":[{"name":"wp","href":"https:\/\/api.w.org\/{rel}","templated":true}]}}