                       {"id":21997,"date":"2021-09-10T12:57:10","date_gmt":"2021-09-10T18:57:10","guid":{"rendered":"https:\/\/laultimapalabra.com.mx\/portal\/?p=21997"},"modified":"2024-12-11T10:15:28","modified_gmt":"2024-12-11T16:15:28","slug":"asaltan-a-mano-armada-ferreteria-en-cadereyta","status":"publish","type":"post","link":"https:\/\/laultimapalabra.com.mx\/portal\/asaltan-a-mano-armada-ferreteria-en-cadereyta\/","title":{"rendered":"Asaltan a mano armada ferreter\u00eda en Cadereyta"},"content":{"rendered":"<div style=\"width: 640px;\" class=\"wp-video\"><video class=\"wp-video-shortcode\" id=\"video-21997-1\" width=\"640\" height=\"288\" preload=\"metadata\" controls=\"controls\"><source type=\"video\/mp4\" src=\"https:\/\/laultimapalabra.com.mx\/portal\/wp-content\/uploads\/2021\/09\/VID-20210909-WA0063.mp4?_=1\" \/><a href=\"https:\/\/laultimapalabra.com.mx\/portal\/wp-content\/uploads\/2021\/09\/VID-20210909-WA0063.mp4\">https:\/\/laultimapalabra.com.mx\/portal\/wp-content\/uploads\/2021\/09\/VID-20210909-WA0063.mp4<\/a><\/video><\/div>\n<p>&nbsp;<\/p>\n<p><span style=\"font-size: 1rem;\">Cadereyta Jim\u00e9nez, N.L.-<\/span><\/p>\n<p>La tarde de ayer alrededor de las 13:00 horas, un hombre solitario asalt\u00f3 una ferreter\u00eda en el municipio de Cadereyta.<br \/>\nLos hechos sucedieron en el negocio ubicado en la carretera libre Monterrey-Reynosa aproximadamente en el kil\u00f3metro 26.<br \/>\nEl ladr\u00f3n viajaba en su motocicleta, la cual dej\u00f3 escondida en un estacionamiento de un restaurante tradicional, en la salida de Cadereyta a Ju\u00e1rez.<br \/>\nAl entrar al negocio, el hombre amenaz\u00f3 a las empleadas y r\u00e1pidamente tom\u00f3 sus pertenec\u00edas y efectivo de la caja registradora.<br \/>\nEl saldo de lo robado fueron dos celulares Iphone de reciente modelo y efectivo.<br \/>\nLos due\u00f1os ya levantaron la respectiva denuncia ante el CODE para empezar con la investigaci\u00f3n pertinente y tratar de ubicar al responsable.<\/p>\n<p>Fuente: La \u00daltima Palabra<\/p>\n","protected":false},"excerpt":{"rendered":"<p>&nbsp; Cadereyta Jim\u00e9nez, N.L.- La tarde de ayer alrededor de las 13:00 horas, un hombre solitario asalt\u00f3 una ferreter\u00eda en el municipio de Cadereyta. Los hechos sucedieron en el negocio ubicado en la carretera libre Monterrey-Reynosa aproximadamente en el kil\u00f3metro 26. El ladr\u00f3n viajaba en su motocicleta, la cual dej\u00f3 escondida en un estacionamiento de [&hellip;]<\/p>\n","protected":false},"author":9,"featured_media":21999,"comment_status":"closed","ping_status":"closed","sticky":false,"template":"","format":"standard","meta":{"footnotes":""},"categories":[8,9],"tags":[189,3076],"class_list":["post-21997","post","type-post","status-publish","format-standard","has-post-thumbnail","hentry","category-seguridad","category-seguridad-cadereyta","tag-asaltos-cadereyta","tag-fuente-la-ultima-palabra"],"_links":{"self":[{"href":"https:\/\/laultimapalabra.com.mx\/portal\/wp-json\/wp\/v2\/posts\/21997","targetHints":{"allow":["GET"]}}],"collection":[{"href":"https:\/\/laultimapalabra.com.mx\/portal\/wp-json\/wp\/v2\/posts"}],"about":[{"href":"https:\/\/laultimapalabra.com.mx\/portal\/wp-json\/wp\/v2\/types\/post"}],"author":[{"embeddable":true,"href":"https:\/\/laultimapalabra.com.mx\/portal\/wp-json\/wp\/v2\/users\/9"}],"replies":[{"embeddable":true,"href":"https:\/\/laultimapalabra.com.mx\/portal\/wp-json\/wp\/v2\/comments?post=21997"}],"version-history":[{"count":3,"href":"https:\/\/laultimapalabra.com.mx\/portal\/wp-json\/wp\/v2\/posts\/21997\/revisions"}],"predecessor-version":[{"id":74012,"href":"https:\/\/laultimapalabra.com.mx\/portal\/wp-json\/wp\/v2\/posts\/21997\/revisions\/74012"}],"wp:featuredmedia":[{"embeddable":true,"href":"https:\/\/laultimapalabra.com.mx\/portal\/wp-json\/wp\/v2\/media\/21999"}],"wp:attachment":[{"href":"https:\/\/laultimapalabra.com.mx\/portal\/wp-json\/wp\/v2\/media?parent=21997"}],"wp:term":[{"taxonomy":"category","embeddable":true,"href":"https:\/\/laultimapalabra.com.mx\/portal\/wp-json\/wp\/v2\/categories?post=21997"},{"taxonomy":"post_tag","embeddable":true,"href":"https:\/\/laultimapalabra.com.mx\/portal\/wp-json\/wp\/v2\/tags?post=21997"}],"curies":[{"name":"wp","href":"https:\/\/api.w.org\/{rel}","templated":true}]}}