                       {"id":2200,"date":"2018-06-21T23:16:02","date_gmt":"2018-06-21T23:16:02","guid":{"rendered":"http:\/\/laultimapalabra.info\/?p=2200"},"modified":"2024-12-11T08:37:17","modified_gmt":"2024-12-11T14:37:17","slug":"se-reune-sabas-con-ciudadanos","status":"publish","type":"post","link":"https:\/\/laultimapalabra.com.mx\/portal\/se-reune-sabas-con-ciudadanos\/","title":{"rendered":"Se re\u00fane Sab\u00e1s con ciudadanos"},"content":{"rendered":"<p style=\"text-align: justify;\"><img loading=\"lazy\" decoding=\"async\" class=\"size-medium wp-image-2202 alignright\" src=\"https:\/\/laultimapalabra.com.mx\/portal\/wp-content\/uploads\/2018\/06\/WhatsApp-Image-2018-06-21-at-15.38.08-300x225.jpeg\" alt=\"\" width=\"300\" height=\"225\" \/>CADEREYTA JIM\u00c9NEZ, N.L.-<br \/>\nEste jueves 21 de junio, los candidatos de nueva alianza Dr. Sab\u00e1s Tamez, candidato a la alcald\u00eda de Cadereyta; Mirna Sald\u00edvar, candidata a senadora; el Ing Gerardo \u201cYayo\u201d Garc\u00eda, candidato a diputado local por el Distrito 23 y el maestro Jos\u00e9 Gerardo Betancourt Garc\u00eda, por el Distrito 12 federal, se reunieron con un grupo de ciudadanos.<br \/>\nEn la convivencia, los presentes recibieron la informaci\u00f3n de sus propuestas adem\u00e1s de invitarles a votar por su partido pol\u00edtico y la diferencia de Nueva Alianza con los dem\u00e1s institutos pol\u00edticos<\/p>\n","protected":false},"excerpt":{"rendered":"<p>CADEREYTA JIM\u00c9NEZ, N.L.- Este jueves 21 de junio, los candidatos de nueva alianza Dr. Sab\u00e1s Tamez, candidato a la alcald\u00eda de Cadereyta; Mirna Sald\u00edvar, candidata a senadora; el Ing Gerardo \u201cYayo\u201d Garc\u00eda, candidato a diputado local por el Distrito 23 y el maestro Jos\u00e9 Gerardo Betancourt Garc\u00eda, por el Distrito 12 federal, se reunieron con [&hellip;]<\/p>\n","protected":false},"author":9,"featured_media":2201,"comment_status":"open","ping_status":"closed","sticky":false,"template":"","format":"standard","meta":{"footnotes":""},"categories":[17],"tags":[880,1144,1546,1696],"class_list":["post-2200","post","type-post","status-publish","format-standard","has-post-thumbnail","hentry","category-locales-cadereyta","tag-dr-sabas-tamez","tag-gerardo-yayo-garcia","tag-mirna-saldivar","tag-panal-cadereyta"],"_links":{"self":[{"href":"https:\/\/laultimapalabra.com.mx\/portal\/wp-json\/wp\/v2\/posts\/2200","targetHints":{"allow":["GET"]}}],"collection":[{"href":"https:\/\/laultimapalabra.com.mx\/portal\/wp-json\/wp\/v2\/posts"}],"about":[{"href":"https:\/\/laultimapalabra.com.mx\/portal\/wp-json\/wp\/v2\/types\/post"}],"author":[{"embeddable":true,"href":"https:\/\/laultimapalabra.com.mx\/portal\/wp-json\/wp\/v2\/users\/9"}],"replies":[{"embeddable":true,"href":"https:\/\/laultimapalabra.com.mx\/portal\/wp-json\/wp\/v2\/comments?post=2200"}],"version-history":[{"count":1,"href":"https:\/\/laultimapalabra.com.mx\/portal\/wp-json\/wp\/v2\/posts\/2200\/revisions"}],"predecessor-version":[{"id":64195,"href":"https:\/\/laultimapalabra.com.mx\/portal\/wp-json\/wp\/v2\/posts\/2200\/revisions\/64195"}],"wp:featuredmedia":[{"embeddable":true,"href":"https:\/\/laultimapalabra.com.mx\/portal\/wp-json\/"}],"wp:attachment":[{"href":"https:\/\/laultimapalabra.com.mx\/portal\/wp-json\/wp\/v2\/media?parent=2200"}],"wp:term":[{"taxonomy":"category","embeddable":true,"href":"https:\/\/laultimapalabra.com.mx\/portal\/wp-json\/wp\/v2\/categories?post=2200"},{"taxonomy":"post_tag","embeddable":true,"href":"https:\/\/laultimapalabra.com.mx\/portal\/wp-json\/wp\/v2\/tags?post=2200"}],"curies":[{"name":"wp","href":"https:\/\/api.w.org\/{rel}","templated":true}]}}