                       {"id":22056,"date":"2021-09-14T12:43:15","date_gmt":"2021-09-14T18:43:15","guid":{"rendered":"https:\/\/laultimapalabra.com.mx\/portal\/?p=22056"},"modified":"2024-12-11T10:15:30","modified_gmt":"2024-12-11T16:15:30","slug":"atienden-bomberos-cadereyta-incendio-de-pastizal","status":"publish","type":"post","link":"https:\/\/laultimapalabra.com.mx\/portal\/atienden-bomberos-cadereyta-incendio-de-pastizal\/","title":{"rendered":"Atienden Bomberos Cadereyta incendio de pastizal"},"content":{"rendered":"<p><span style=\"font-size: 1rem;\"><img loading=\"lazy\" decoding=\"async\" class=\"size-medium wp-image-22043 alignleft\" src=\"https:\/\/laultimapalabra.com.mx\/portal\/wp-content\/uploads\/2021\/09\/IMG-20210914-WA0003-300x169.jpg\" alt=\"\" width=\"300\" height=\"169\" srcset=\"https:\/\/laultimapalabra.com.mx\/portal\/wp-content\/uploads\/2021\/09\/IMG-20210914-WA0003-300x169.jpg 300w, https:\/\/laultimapalabra.com.mx\/portal\/wp-content\/uploads\/2021\/09\/IMG-20210914-WA0003-1024x576.jpg 1024w, https:\/\/laultimapalabra.com.mx\/portal\/wp-content\/uploads\/2021\/09\/IMG-20210914-WA0003-768x432.jpg 768w, https:\/\/laultimapalabra.com.mx\/portal\/wp-content\/uploads\/2021\/09\/IMG-20210914-WA0003-1536x864.jpg 1536w, https:\/\/laultimapalabra.com.mx\/portal\/wp-content\/uploads\/2021\/09\/IMG-20210914-WA0003.jpg 1600w\" sizes=\"auto, (max-width: 300px) 100vw, 300px\" \/>Cadereyta Jim\u00e9nez, N.L.- Alrededor las 22:00 horas de ayer un incendio de pastizal se present\u00f3 en la Carretera a San Mateo a ir nos 12 km de la carretera Libre a Reynosa, cerca de un conocido restaurant jimenense. En el incendio de pastizal se consumieron unas tres hect\u00e1reas aproximadamente debido a la intervenci\u00f3n del viento, y fue Protecci\u00f3n Civil y Bomberos\u00a0 Municipal de Cadereyta quienes dieron atenci\u00f3n al siniestro reportando que probablemente haya sido provocado por alguna colilla de cigarro que fue arrojada en el lugar de los hechos.<\/span><\/p>\n<p>Fuente: La \u00daltima Palabra<\/p>\n","protected":false},"excerpt":{"rendered":"<p>Cadereyta Jim\u00e9nez, N.L.- Alrededor las 22:00 horas de ayer un incendio de pastizal se present\u00f3 en la Carretera a San Mateo a ir nos 12 km de la carretera Libre a Reynosa, cerca de un conocido restaurant jimenense. En el incendio de pastizal se consumieron unas tres hect\u00e1reas aproximadamente debido a la intervenci\u00f3n del viento, [&hellip;]<\/p>\n","protected":false},"author":9,"featured_media":22044,"comment_status":"closed","ping_status":"closed","sticky":false,"template":"","format":"standard","meta":{"footnotes":""},"categories":[17],"tags":[313,3076,1260,2710],"class_list":["post-22056","post","type-post","status-publish","format-standard","has-post-thumbnail","hentry","category-locales-cadereyta","tag-bomberos-cadereyta","tag-fuente-la-ultima-palabra","tag-incendios-cadereyta","tag-servicios-de-emergencia-cadereyta"],"_links":{"self":[{"href":"https:\/\/laultimapalabra.com.mx\/portal\/wp-json\/wp\/v2\/posts\/22056","targetHints":{"allow":["GET"]}}],"collection":[{"href":"https:\/\/laultimapalabra.com.mx\/portal\/wp-json\/wp\/v2\/posts"}],"about":[{"href":"https:\/\/laultimapalabra.com.mx\/portal\/wp-json\/wp\/v2\/types\/post"}],"author":[{"embeddable":true,"href":"https:\/\/laultimapalabra.com.mx\/portal\/wp-json\/wp\/v2\/users\/9"}],"replies":[{"embeddable":true,"href":"https:\/\/laultimapalabra.com.mx\/portal\/wp-json\/wp\/v2\/comments?post=22056"}],"version-history":[{"count":2,"href":"https:\/\/laultimapalabra.com.mx\/portal\/wp-json\/wp\/v2\/posts\/22056\/revisions"}],"predecessor-version":[{"id":74034,"href":"https:\/\/laultimapalabra.com.mx\/portal\/wp-json\/wp\/v2\/posts\/22056\/revisions\/74034"}],"wp:featuredmedia":[{"embeddable":true,"href":"https:\/\/laultimapalabra.com.mx\/portal\/wp-json\/wp\/v2\/media\/22044"}],"wp:attachment":[{"href":"https:\/\/laultimapalabra.com.mx\/portal\/wp-json\/wp\/v2\/media?parent=22056"}],"wp:term":[{"taxonomy":"category","embeddable":true,"href":"https:\/\/laultimapalabra.com.mx\/portal\/wp-json\/wp\/v2\/categories?post=22056"},{"taxonomy":"post_tag","embeddable":true,"href":"https:\/\/laultimapalabra.com.mx\/portal\/wp-json\/wp\/v2\/tags?post=22056"}],"curies":[{"name":"wp","href":"https:\/\/api.w.org\/{rel}","templated":true}]}}