                       {"id":22063,"date":"2021-09-15T14:23:29","date_gmt":"2021-09-15T20:23:29","guid":{"rendered":"https:\/\/laultimapalabra.com.mx\/portal\/?p=22063"},"modified":"2024-12-11T10:15:30","modified_gmt":"2024-12-11T16:15:30","slug":"deja-solo-danos-materiales-choque-de-crucero-en-portal-de-juarez","status":"publish","type":"post","link":"https:\/\/laultimapalabra.com.mx\/portal\/deja-solo-danos-materiales-choque-de-crucero-en-portal-de-juarez\/","title":{"rendered":"Deja s\u00f3lo da\u00f1os materiales choque de crucero en Portal de Ju\u00e1rez."},"content":{"rendered":"<p><span style=\"font-size: 1rem;\"><img loading=\"lazy\" decoding=\"async\" class=\"size-medium wp-image-22068 alignleft\" src=\"https:\/\/laultimapalabra.com.mx\/portal\/wp-content\/uploads\/2021\/09\/IMG-20210914-WA0041-300x192.jpg\" alt=\"\" width=\"300\" height=\"192\" srcset=\"https:\/\/laultimapalabra.com.mx\/portal\/wp-content\/uploads\/2021\/09\/IMG-20210914-WA0041-300x192.jpg 300w, https:\/\/laultimapalabra.com.mx\/portal\/wp-content\/uploads\/2021\/09\/IMG-20210914-WA0041-1024x657.jpg 1024w, https:\/\/laultimapalabra.com.mx\/portal\/wp-content\/uploads\/2021\/09\/IMG-20210914-WA0041-768x493.jpg 768w, https:\/\/laultimapalabra.com.mx\/portal\/wp-content\/uploads\/2021\/09\/IMG-20210914-WA0041-1536x985.jpg 1536w, https:\/\/laultimapalabra.com.mx\/portal\/wp-content\/uploads\/2021\/09\/IMG-20210914-WA0041.jpg 1595w\" sizes=\"auto, (max-width: 300px) 100vw, 300px\" \/>Ju\u00e1rez, N.L.-<\/span><\/p>\n<p>La tarde de ayer alrededor de las 15:30 horas se present\u00f3 un accidente vial en el que participaron dos veh\u00edculos, afortunadamente no dej\u00f3 lesionados.<br \/>\nLos hechos se dieron en la Avenida Los Portales en su cruce con Carretera a San Mateo.<br \/>\nLos protagonistas fueron un auto Nissan Tsuru de color blanco y un autom\u00f3vil bora de color rojo, los cuales se impactaron por un costado de la parte delantera.<br \/>\nAl lugar acudieron elementos de Vialidad y Tr\u00e1nsito de Ju\u00e1rez, para abanderar el \u00e1rea y deslindar responsabilidades.<\/p>\n<p>Fuente: La \u00daltima Palabra<\/p>\n","protected":false},"excerpt":{"rendered":"<p>Ju\u00e1rez, N.L.- La tarde de ayer alrededor de las 15:30 horas se present\u00f3 un accidente vial en el que participaron dos veh\u00edculos, afortunadamente no dej\u00f3 lesionados. Los hechos se dieron en la Avenida Los Portales en su cruce con Carretera a San Mateo. Los protagonistas fueron un auto Nissan Tsuru de color blanco y un [&hellip;]<\/p>\n","protected":false},"author":9,"featured_media":22067,"comment_status":"closed","ping_status":"closed","sticky":false,"template":"","format":"standard","meta":{"footnotes":""},"categories":[18,8,10],"tags":[2965,3076],"class_list":["post-22063","post","type-post","status-publish","format-standard","has-post-thumbnail","hentry","category-locales-juarez","category-seguridad","category-seguridad-juarez","tag-accidentes-viales-juarez","tag-fuente-la-ultima-palabra"],"_links":{"self":[{"href":"https:\/\/laultimapalabra.com.mx\/portal\/wp-json\/wp\/v2\/posts\/22063","targetHints":{"allow":["GET"]}}],"collection":[{"href":"https:\/\/laultimapalabra.com.mx\/portal\/wp-json\/wp\/v2\/posts"}],"about":[{"href":"https:\/\/laultimapalabra.com.mx\/portal\/wp-json\/wp\/v2\/types\/post"}],"author":[{"embeddable":true,"href":"https:\/\/laultimapalabra.com.mx\/portal\/wp-json\/wp\/v2\/users\/9"}],"replies":[{"embeddable":true,"href":"https:\/\/laultimapalabra.com.mx\/portal\/wp-json\/wp\/v2\/comments?post=22063"}],"version-history":[{"count":2,"href":"https:\/\/laultimapalabra.com.mx\/portal\/wp-json\/wp\/v2\/posts\/22063\/revisions"}],"predecessor-version":[{"id":74038,"href":"https:\/\/laultimapalabra.com.mx\/portal\/wp-json\/wp\/v2\/posts\/22063\/revisions\/74038"}],"wp:featuredmedia":[{"embeddable":true,"href":"https:\/\/laultimapalabra.com.mx\/portal\/wp-json\/wp\/v2\/media\/22067"}],"wp:attachment":[{"href":"https:\/\/laultimapalabra.com.mx\/portal\/wp-json\/wp\/v2\/media?parent=22063"}],"wp:term":[{"taxonomy":"category","embeddable":true,"href":"https:\/\/laultimapalabra.com.mx\/portal\/wp-json\/wp\/v2\/categories?post=22063"},{"taxonomy":"post_tag","embeddable":true,"href":"https:\/\/laultimapalabra.com.mx\/portal\/wp-json\/wp\/v2\/tags?post=22063"}],"curies":[{"name":"wp","href":"https:\/\/api.w.org\/{rel}","templated":true}]}}