                       {"id":22159,"date":"2021-09-20T13:29:37","date_gmt":"2021-09-20T19:29:37","guid":{"rendered":"https:\/\/laultimapalabra.com.mx\/portal\/?p=22159"},"modified":"2024-12-11T10:15:31","modified_gmt":"2024-12-11T16:15:31","slug":"choca-motociclista-contra-muro-y-resulta-herido-en-juarez","status":"publish","type":"post","link":"https:\/\/laultimapalabra.com.mx\/portal\/choca-motociclista-contra-muro-y-resulta-herido-en-juarez\/","title":{"rendered":"Choca motociclista contra muro y resulta herido en Ju\u00e1rez"},"content":{"rendered":"<p><span style=\"font-size: 1rem;\"><img loading=\"lazy\" decoding=\"async\" class=\"size-medium wp-image-22135 alignleft\" src=\"https:\/\/laultimapalabra.com.mx\/portal\/wp-content\/uploads\/2021\/09\/IMG-20210918-WA0003-300x154.jpg\" alt=\"\" width=\"300\" height=\"154\" srcset=\"https:\/\/laultimapalabra.com.mx\/portal\/wp-content\/uploads\/2021\/09\/IMG-20210918-WA0003-300x154.jpg 300w, https:\/\/laultimapalabra.com.mx\/portal\/wp-content\/uploads\/2021\/09\/IMG-20210918-WA0003.jpg 720w\" sizes=\"auto, (max-width: 300px) 100vw, 300px\" \/>Juarez, N.L.- Un j\u00f3ven identificado solamente como Jes\u00fas de unos 25 a\u00f1os de edad choco contra un muro de contenci\u00f3n y result\u00f3 herido en el municipio de Ju\u00e1rez.\u00a0<\/span><\/p>\n<p><span style=\"font-weight: 400;\">Los hechos se dieron en el perif\u00e9rico a la altura de los Puentes Gemelos, aun cuando no se encuentra abierto a la circulaci\u00f3n pero muchas personas ya lo utilizan.<\/span><\/p>\n<p><span style=\"font-weight: 400;\">El lesionado menciona que fue encandilado por un veh\u00edculo que circulaba en sentido contrario y no alcanz\u00f3 a ver el muro por lo que termin\u00f3 impact\u00e1ndose.\u00a0<\/span><\/p>\n<p><span style=\"font-weight: 400;\">\u00c9l conducia una motocicleta italika Ft150 color rojo con rayas blancas y result\u00f3 con lesiones en pierna.<\/span><\/p>\n<p><span style=\"font-weight: 400;\">Afortunadamente viajaba con el casco y fue trasladado por Param\u00e9dicos de Protecci\u00f3n Civil de Ju\u00e1rez al Hospital de Zona N\u00famero\u00a0 21 siendo el percance alrededor de las 9 de la noche del pasado viernes.<\/span><\/p>\n<p>&nbsp;<\/p>\n","protected":false},"excerpt":{"rendered":"<p>Juarez, N.L.- Un j\u00f3ven identificado solamente como Jes\u00fas de unos 25 a\u00f1os de edad choco contra un muro de contenci\u00f3n y result\u00f3 herido en el municipio de Ju\u00e1rez.\u00a0 Los hechos se dieron en el perif\u00e9rico a la altura de los Puentes Gemelos, aun cuando no se encuentra abierto a la circulaci\u00f3n pero muchas personas ya [&hellip;]<\/p>\n","protected":false},"author":9,"featured_media":22135,"comment_status":"closed","ping_status":"closed","sticky":false,"template":"","format":"standard","meta":{"footnotes":""},"categories":[8,9],"tags":[2747,3076],"class_list":["post-22159","post","type-post","status-publish","format-standard","has-post-thumbnail","hentry","category-seguridad","category-seguridad-cadereyta","tag-accidentes-viales-cadereyta","tag-fuente-la-ultima-palabra"],"_links":{"self":[{"href":"https:\/\/laultimapalabra.com.mx\/portal\/wp-json\/wp\/v2\/posts\/22159","targetHints":{"allow":["GET"]}}],"collection":[{"href":"https:\/\/laultimapalabra.com.mx\/portal\/wp-json\/wp\/v2\/posts"}],"about":[{"href":"https:\/\/laultimapalabra.com.mx\/portal\/wp-json\/wp\/v2\/types\/post"}],"author":[{"embeddable":true,"href":"https:\/\/laultimapalabra.com.mx\/portal\/wp-json\/wp\/v2\/users\/9"}],"replies":[{"embeddable":true,"href":"https:\/\/laultimapalabra.com.mx\/portal\/wp-json\/wp\/v2\/comments?post=22159"}],"version-history":[{"count":3,"href":"https:\/\/laultimapalabra.com.mx\/portal\/wp-json\/wp\/v2\/posts\/22159\/revisions"}],"predecessor-version":[{"id":74060,"href":"https:\/\/laultimapalabra.com.mx\/portal\/wp-json\/wp\/v2\/posts\/22159\/revisions\/74060"}],"wp:featuredmedia":[{"embeddable":true,"href":"https:\/\/laultimapalabra.com.mx\/portal\/wp-json\/wp\/v2\/media\/22135"}],"wp:attachment":[{"href":"https:\/\/laultimapalabra.com.mx\/portal\/wp-json\/wp\/v2\/media?parent=22159"}],"wp:term":[{"taxonomy":"category","embeddable":true,"href":"https:\/\/laultimapalabra.com.mx\/portal\/wp-json\/wp\/v2\/categories?post=22159"},{"taxonomy":"post_tag","embeddable":true,"href":"https:\/\/laultimapalabra.com.mx\/portal\/wp-json\/wp\/v2\/tags?post=22159"}],"curies":[{"name":"wp","href":"https:\/\/api.w.org\/{rel}","templated":true}]}}