                       {"id":22170,"date":"2021-09-20T13:56:38","date_gmt":"2021-09-20T19:56:38","guid":{"rendered":"https:\/\/laultimapalabra.com.mx\/portal\/?p=22170"},"modified":"2024-12-11T10:15:32","modified_gmt":"2024-12-11T16:15:32","slug":"deja-fuerte-accidente-vial-dos-lesionados-en-carretera-cadereyta-allende","status":"publish","type":"post","link":"https:\/\/laultimapalabra.com.mx\/portal\/deja-fuerte-accidente-vial-dos-lesionados-en-carretera-cadereyta-allende\/","title":{"rendered":"Deja fuerte accidente vial dos lesionados en Carretera Cadereyta-Allende"},"content":{"rendered":"<p><span style=\"font-size: 1rem;\"><img loading=\"lazy\" decoding=\"async\" class=\"size-medium wp-image-22145 alignleft\" src=\"https:\/\/laultimapalabra.com.mx\/portal\/wp-content\/uploads\/2021\/09\/IMG-20210918-WA0044-300x135.jpg\" alt=\"\" width=\"300\" height=\"135\" srcset=\"https:\/\/laultimapalabra.com.mx\/portal\/wp-content\/uploads\/2021\/09\/IMG-20210918-WA0044-300x135.jpg 300w, https:\/\/laultimapalabra.com.mx\/portal\/wp-content\/uploads\/2021\/09\/IMG-20210918-WA0044-1024x461.jpg 1024w, https:\/\/laultimapalabra.com.mx\/portal\/wp-content\/uploads\/2021\/09\/IMG-20210918-WA0044-768x346.jpg 768w, https:\/\/laultimapalabra.com.mx\/portal\/wp-content\/uploads\/2021\/09\/IMG-20210918-WA0044-1536x691.jpg 1536w, https:\/\/laultimapalabra.com.mx\/portal\/wp-content\/uploads\/2021\/09\/IMG-20210918-WA0044.jpg 1600w\" sizes=\"auto, (max-width: 300px) 100vw, 300px\" \/>Cadereyta Jim\u00e9nez, N.L. &#8211;<\/span><\/p>\n<p>La noche del s\u00e1bado alrededor de las 19:30 horas, se present\u00f3 un fuerte accidente vial en el que resultaron dos j\u00f3venes lesionados.<br \/>\nLos hechos se dieron en la carretera Cadereyta-Allende Kil\u00f3metro 06 donde una camioneta tipo Silverado de color verde presuntamente invadi\u00f3 carril y se impact\u00f3 de frente contra un Mustang de color gris.<br \/>\nLos heridos viajaban de acompa\u00f1antes en el Mustang, siendo identificados como Devany Aguilera y Edwin Mier, siendo trasladados por Servicios de Emergencia Cadereyta al Hospital de PEMEX.<br \/>\nEn el lugar quedaron los veh\u00edculos el Mustang como p\u00e9rdida total y el frente de la Silverado destrozado, esperando la llegada de la Guardia Nacional quien se encargar\u00eda de deslindar responsabilidades.<\/p>\n<p>Fuente: la \u00daltima Palabra<\/p>\n","protected":false},"excerpt":{"rendered":"<p>Cadereyta Jim\u00e9nez, N.L. &#8211; La noche del s\u00e1bado alrededor de las 19:30 horas, se present\u00f3 un fuerte accidente vial en el que resultaron dos j\u00f3venes lesionados. Los hechos se dieron en la carretera Cadereyta-Allende Kil\u00f3metro 06 donde una camioneta tipo Silverado de color verde presuntamente invadi\u00f3 carril y se impact\u00f3 de frente contra un Mustang [&hellip;]<\/p>\n","protected":false},"author":9,"featured_media":22143,"comment_status":"closed","ping_status":"closed","sticky":false,"template":"","format":"standard","meta":{"footnotes":""},"categories":[17],"tags":[2747,3076],"class_list":["post-22170","post","type-post","status-publish","format-standard","has-post-thumbnail","hentry","category-locales-cadereyta","tag-accidentes-viales-cadereyta","tag-fuente-la-ultima-palabra"],"_links":{"self":[{"href":"https:\/\/laultimapalabra.com.mx\/portal\/wp-json\/wp\/v2\/posts\/22170","targetHints":{"allow":["GET"]}}],"collection":[{"href":"https:\/\/laultimapalabra.com.mx\/portal\/wp-json\/wp\/v2\/posts"}],"about":[{"href":"https:\/\/laultimapalabra.com.mx\/portal\/wp-json\/wp\/v2\/types\/post"}],"author":[{"embeddable":true,"href":"https:\/\/laultimapalabra.com.mx\/portal\/wp-json\/wp\/v2\/users\/9"}],"replies":[{"embeddable":true,"href":"https:\/\/laultimapalabra.com.mx\/portal\/wp-json\/wp\/v2\/comments?post=22170"}],"version-history":[{"count":2,"href":"https:\/\/laultimapalabra.com.mx\/portal\/wp-json\/wp\/v2\/posts\/22170\/revisions"}],"predecessor-version":[{"id":74070,"href":"https:\/\/laultimapalabra.com.mx\/portal\/wp-json\/wp\/v2\/posts\/22170\/revisions\/74070"}],"wp:featuredmedia":[{"embeddable":true,"href":"https:\/\/laultimapalabra.com.mx\/portal\/wp-json\/wp\/v2\/media\/22143"}],"wp:attachment":[{"href":"https:\/\/laultimapalabra.com.mx\/portal\/wp-json\/wp\/v2\/media?parent=22170"}],"wp:term":[{"taxonomy":"category","embeddable":true,"href":"https:\/\/laultimapalabra.com.mx\/portal\/wp-json\/wp\/v2\/categories?post=22170"},{"taxonomy":"post_tag","embeddable":true,"href":"https:\/\/laultimapalabra.com.mx\/portal\/wp-json\/wp\/v2\/tags?post=22170"}],"curies":[{"name":"wp","href":"https:\/\/api.w.org\/{rel}","templated":true}]}}