                       {"id":22172,"date":"2021-09-20T14:01:58","date_gmt":"2021-09-20T20:01:58","guid":{"rendered":"https:\/\/laultimapalabra.com.mx\/portal\/?p=22172"},"modified":"2024-12-11T10:15:32","modified_gmt":"2024-12-11T16:15:32","slug":"resulta-choque-de-crucero-con-saldo-blanco","status":"publish","type":"post","link":"https:\/\/laultimapalabra.com.mx\/portal\/resulta-choque-de-crucero-con-saldo-blanco\/","title":{"rendered":"Resulta choque de crucero con saldo blanco"},"content":{"rendered":"<p><span style=\"font-size: 1rem;\"><img loading=\"lazy\" decoding=\"async\" class=\"size-medium wp-image-22147 alignleft\" src=\"https:\/\/laultimapalabra.com.mx\/portal\/wp-content\/uploads\/2021\/09\/IMG-20210919-WA0004-300x169.jpg\" alt=\"\" width=\"300\" height=\"169\" srcset=\"https:\/\/laultimapalabra.com.mx\/portal\/wp-content\/uploads\/2021\/09\/IMG-20210919-WA0004-300x169.jpg 300w, https:\/\/laultimapalabra.com.mx\/portal\/wp-content\/uploads\/2021\/09\/IMG-20210919-WA0004-1024x576.jpg 1024w, https:\/\/laultimapalabra.com.mx\/portal\/wp-content\/uploads\/2021\/09\/IMG-20210919-WA0004-768x432.jpg 768w, https:\/\/laultimapalabra.com.mx\/portal\/wp-content\/uploads\/2021\/09\/IMG-20210919-WA0004.jpg 1280w\" sizes=\"auto, (max-width: 300px) 100vw, 300px\" \/>Cadereyta Jim\u00e9nez, N.L.-<\/span><\/p>\n<p>La noche del s\u00e1bado alrededor de las 20:00 horas se present\u00f3 un accidente vial el cual afortunadamente s\u00f3lo dej\u00f3 da\u00f1os materiales.<br \/>\nLos hechos se dieron en la Avenida Escoberos cruz con Calle Arce, donde los protagonistas fueron una Camioneta GMC y un veh\u00edculo Tsuru tipo taxi.<br \/>\nLa conductora de la camioneta, quien era una menor de edad, mencion\u00f3 que el autom\u00f3vil Tsuru se le atraves\u00f3 tratando de dar vuelta en direcci\u00f3n de Norte a Sur de la mencionada Avenida, terminando por impactarlo por el lado izquierdo de la parte trasera.<br \/>\nAfortunadamente, en este accidente s\u00f3lo hubo da\u00f1os materiales y el susto por parte de las j\u00f3venes que viajaban en la camioneta.<br \/>\nAl lugar arribaron elementos de Tr\u00e1nsito Municipal de Cadereyta, para iniciar las investigaciones y deslindar responsabilidades.<\/p>\n<p>Fuente: La \u00daltima Palabra<\/p>\n","protected":false},"excerpt":{"rendered":"<p>Cadereyta Jim\u00e9nez, N.L.- La noche del s\u00e1bado alrededor de las 20:00 horas se present\u00f3 un accidente vial el cual afortunadamente s\u00f3lo dej\u00f3 da\u00f1os materiales. Los hechos se dieron en la Avenida Escoberos cruz con Calle Arce, donde los protagonistas fueron una Camioneta GMC y un veh\u00edculo Tsuru tipo taxi. La conductora de la camioneta, quien [&hellip;]<\/p>\n","protected":false},"author":9,"featured_media":22148,"comment_status":"closed","ping_status":"closed","sticky":false,"template":"","format":"standard","meta":{"footnotes":""},"categories":[17],"tags":[2747,3076],"class_list":["post-22172","post","type-post","status-publish","format-standard","has-post-thumbnail","hentry","category-locales-cadereyta","tag-accidentes-viales-cadereyta","tag-fuente-la-ultima-palabra"],"_links":{"self":[{"href":"https:\/\/laultimapalabra.com.mx\/portal\/wp-json\/wp\/v2\/posts\/22172","targetHints":{"allow":["GET"]}}],"collection":[{"href":"https:\/\/laultimapalabra.com.mx\/portal\/wp-json\/wp\/v2\/posts"}],"about":[{"href":"https:\/\/laultimapalabra.com.mx\/portal\/wp-json\/wp\/v2\/types\/post"}],"author":[{"embeddable":true,"href":"https:\/\/laultimapalabra.com.mx\/portal\/wp-json\/wp\/v2\/users\/9"}],"replies":[{"embeddable":true,"href":"https:\/\/laultimapalabra.com.mx\/portal\/wp-json\/wp\/v2\/comments?post=22172"}],"version-history":[{"count":2,"href":"https:\/\/laultimapalabra.com.mx\/portal\/wp-json\/wp\/v2\/posts\/22172\/revisions"}],"predecessor-version":[{"id":74072,"href":"https:\/\/laultimapalabra.com.mx\/portal\/wp-json\/wp\/v2\/posts\/22172\/revisions\/74072"}],"wp:featuredmedia":[{"embeddable":true,"href":"https:\/\/laultimapalabra.com.mx\/portal\/wp-json\/wp\/v2\/media\/22148"}],"wp:attachment":[{"href":"https:\/\/laultimapalabra.com.mx\/portal\/wp-json\/wp\/v2\/media?parent=22172"}],"wp:term":[{"taxonomy":"category","embeddable":true,"href":"https:\/\/laultimapalabra.com.mx\/portal\/wp-json\/wp\/v2\/categories?post=22172"},{"taxonomy":"post_tag","embeddable":true,"href":"https:\/\/laultimapalabra.com.mx\/portal\/wp-json\/wp\/v2\/tags?post=22172"}],"curies":[{"name":"wp","href":"https:\/\/api.w.org\/{rel}","templated":true}]}}