                       {"id":22239,"date":"2021-09-22T15:29:25","date_gmt":"2021-09-22T21:29:25","guid":{"rendered":"https:\/\/laultimapalabra.com.mx\/portal\/?p=22239"},"modified":"2024-12-11T10:15:34","modified_gmt":"2024-12-11T16:15:34","slug":"llega-frente-frio-con-lluvia-a-cadereyta-y-juarez","status":"publish","type":"post","link":"https:\/\/laultimapalabra.com.mx\/portal\/llega-frente-frio-con-lluvia-a-cadereyta-y-juarez\/","title":{"rendered":"Llega frente fr\u00edo con lluvia a Cadereyta y Ju\u00e1rez"},"content":{"rendered":"<p><img loading=\"lazy\" decoding=\"async\" class=\"size-medium wp-image-22244 alignleft\" src=\"https:\/\/laultimapalabra.com.mx\/portal\/wp-content\/uploads\/2021\/09\/IMG-20210922-WA0010-300x225.jpg\" alt=\"\" width=\"300\" height=\"225\" srcset=\"https:\/\/laultimapalabra.com.mx\/portal\/wp-content\/uploads\/2021\/09\/IMG-20210922-WA0010-300x225.jpg 300w, https:\/\/laultimapalabra.com.mx\/portal\/wp-content\/uploads\/2021\/09\/IMG-20210922-WA0010-1024x768.jpg 1024w, https:\/\/laultimapalabra.com.mx\/portal\/wp-content\/uploads\/2021\/09\/IMG-20210922-WA0010-768x576.jpg 768w, https:\/\/laultimapalabra.com.mx\/portal\/wp-content\/uploads\/2021\/09\/IMG-20210922-WA0010-1536x1152.jpg 1536w, https:\/\/laultimapalabra.com.mx\/portal\/wp-content\/uploads\/2021\/09\/IMG-20210922-WA0010.jpg 1600w\" sizes=\"auto, (max-width: 300px) 100vw, 300px\" \/>Cadereyta Jim\u00e9nez, N.L.- La noche de ayer tal y como se hab\u00eda anticipado se tuvo la llegada de un frente fr\u00edo por lo que ocasion\u00f3 por varias horas precipitaci\u00f3n acompa\u00f1ada de viento fuerte, as\u00ed como rayos y truenos que asombraron a los neoloneses.<\/p>\n<p>Tambi\u00e9n se presentaron encharcamientos en lugares ya conocidos en varias colonias\u00a0 de Cadereyta y Ju\u00e1rez que se vieron afectadas por el corte de energ\u00eda el\u00e9ctrica, que qued\u00f3 restaurada al paso de unas horas<\/p>\n","protected":false},"excerpt":{"rendered":"<p>Cadereyta Jim\u00e9nez, N.L.- La noche de ayer tal y como se hab\u00eda anticipado se tuvo la llegada de un frente fr\u00edo por lo que ocasion\u00f3 por varias horas precipitaci\u00f3n acompa\u00f1ada de viento fuerte, as\u00ed como rayos y truenos que asombraron a los neoloneses. Tambi\u00e9n se presentaron encharcamientos en lugares ya conocidos en varias colonias\u00a0 de [&hellip;]<\/p>\n","protected":false},"author":9,"featured_media":22244,"comment_status":"closed","ping_status":"closed","sticky":false,"template":"","format":"standard","meta":{"footnotes":""},"categories":[17,18,1],"tags":[3076,3283],"class_list":["post-22239","post","type-post","status-publish","format-standard","has-post-thumbnail","hentry","category-locales-cadereyta","category-locales-juarez","category-noticias","tag-fuente-la-ultima-palabra","tag-lluvias-juarez-y-cadereyta"],"_links":{"self":[{"href":"https:\/\/laultimapalabra.com.mx\/portal\/wp-json\/wp\/v2\/posts\/22239","targetHints":{"allow":["GET"]}}],"collection":[{"href":"https:\/\/laultimapalabra.com.mx\/portal\/wp-json\/wp\/v2\/posts"}],"about":[{"href":"https:\/\/laultimapalabra.com.mx\/portal\/wp-json\/wp\/v2\/types\/post"}],"author":[{"embeddable":true,"href":"https:\/\/laultimapalabra.com.mx\/portal\/wp-json\/wp\/v2\/users\/9"}],"replies":[{"embeddable":true,"href":"https:\/\/laultimapalabra.com.mx\/portal\/wp-json\/wp\/v2\/comments?post=22239"}],"version-history":[{"count":3,"href":"https:\/\/laultimapalabra.com.mx\/portal\/wp-json\/wp\/v2\/posts\/22239\/revisions"}],"predecessor-version":[{"id":74106,"href":"https:\/\/laultimapalabra.com.mx\/portal\/wp-json\/wp\/v2\/posts\/22239\/revisions\/74106"}],"wp:featuredmedia":[{"embeddable":true,"href":"https:\/\/laultimapalabra.com.mx\/portal\/wp-json\/wp\/v2\/media\/22244"}],"wp:attachment":[{"href":"https:\/\/laultimapalabra.com.mx\/portal\/wp-json\/wp\/v2\/media?parent=22239"}],"wp:term":[{"taxonomy":"category","embeddable":true,"href":"https:\/\/laultimapalabra.com.mx\/portal\/wp-json\/wp\/v2\/categories?post=22239"},{"taxonomy":"post_tag","embeddable":true,"href":"https:\/\/laultimapalabra.com.mx\/portal\/wp-json\/wp\/v2\/tags?post=22239"}],"curies":[{"name":"wp","href":"https:\/\/api.w.org\/{rel}","templated":true}]}}