                       {"id":22271,"date":"2021-09-23T17:26:15","date_gmt":"2021-09-23T23:26:15","guid":{"rendered":"https:\/\/laultimapalabra.com.mx\/portal\/?p=22271"},"modified":"2024-12-11T10:15:35","modified_gmt":"2024-12-11T16:15:35","slug":"visitara-amlo-refineria-de-cadereyta-proximo-sabado","status":"publish","type":"post","link":"https:\/\/laultimapalabra.com.mx\/portal\/visitara-amlo-refineria-de-cadereyta-proximo-sabado\/","title":{"rendered":"Visitar\u00e1 AMLO refiner\u00eda de Cadereyta pr\u00f3ximo s\u00e1bado"},"content":{"rendered":"<p><span style=\"font-size: 1rem;\"><img loading=\"lazy\" decoding=\"async\" class=\"size-medium wp-image-22272 alignleft\" src=\"https:\/\/laultimapalabra.com.mx\/portal\/wp-content\/uploads\/2021\/09\/b25b7a44ebc249d5b8376523869282c3-focus-min0.06-0.37-1200-850-300x213.jpg\" alt=\"\" width=\"300\" height=\"213\" srcset=\"https:\/\/laultimapalabra.com.mx\/portal\/wp-content\/uploads\/2021\/09\/b25b7a44ebc249d5b8376523869282c3-focus-min0.06-0.37-1200-850-300x213.jpg 300w, https:\/\/laultimapalabra.com.mx\/portal\/wp-content\/uploads\/2021\/09\/b25b7a44ebc249d5b8376523869282c3-focus-min0.06-0.37-1200-850-1024x725.jpg 1024w, https:\/\/laultimapalabra.com.mx\/portal\/wp-content\/uploads\/2021\/09\/b25b7a44ebc249d5b8376523869282c3-focus-min0.06-0.37-1200-850-768x544.jpg 768w, https:\/\/laultimapalabra.com.mx\/portal\/wp-content\/uploads\/2021\/09\/b25b7a44ebc249d5b8376523869282c3-focus-min0.06-0.37-1200-850.jpg 1200w\" sizes=\"auto, (max-width: 300px) 100vw, 300px\" \/>Monterrey, N.L.- El presidente Andr\u00e9s Manuel L\u00f3pez Obrador inform\u00f3 que incluy\u00f3 una gira de supervisi\u00f3n a la refiner\u00eda de Cadereyta este sabado dentro de su visita a los 6 complejos estrat\u00e9gicos de Pemex que est\u00e1n en proceso de rehabilitaci\u00f3n.<\/span><\/p>\n<p>Asimismo, estar\u00e1 presente el domingo en la refiner\u00eda de Dos Bocas en el municipio de Para\u00edso, Tabasco, la cu\u00e1l estar\u00e1 realizando el domingo, mismo d\u00eda que estar\u00e1 supervisando, en un primer momento, la refiner\u00eda de Minatitl\u00e1n, en Veracruz.<\/p>\n","protected":false},"excerpt":{"rendered":"<p>Monterrey, N.L.- El presidente Andr\u00e9s Manuel L\u00f3pez Obrador inform\u00f3 que incluy\u00f3 una gira de supervisi\u00f3n a la refiner\u00eda de Cadereyta este sabado dentro de su visita a los 6 complejos estrat\u00e9gicos de Pemex que est\u00e1n en proceso de rehabilitaci\u00f3n. Asimismo, estar\u00e1 presente el domingo en la refiner\u00eda de Dos Bocas en el municipio de Para\u00edso, [&hellip;]<\/p>\n","protected":false},"author":9,"featured_media":22272,"comment_status":"closed","ping_status":"closed","sticky":false,"template":"","format":"standard","meta":{"footnotes":""},"categories":[15],"tags":[124,3076,3286],"class_list":["post-22271","post","type-post","status-publish","format-standard","has-post-thumbnail","hentry","category-estado","tag-amlo","tag-fuente-la-ultima-palabra","tag-refineria-cadereyta"],"_links":{"self":[{"href":"https:\/\/laultimapalabra.com.mx\/portal\/wp-json\/wp\/v2\/posts\/22271","targetHints":{"allow":["GET"]}}],"collection":[{"href":"https:\/\/laultimapalabra.com.mx\/portal\/wp-json\/wp\/v2\/posts"}],"about":[{"href":"https:\/\/laultimapalabra.com.mx\/portal\/wp-json\/wp\/v2\/types\/post"}],"author":[{"embeddable":true,"href":"https:\/\/laultimapalabra.com.mx\/portal\/wp-json\/wp\/v2\/users\/9"}],"replies":[{"embeddable":true,"href":"https:\/\/laultimapalabra.com.mx\/portal\/wp-json\/wp\/v2\/comments?post=22271"}],"version-history":[{"count":2,"href":"https:\/\/laultimapalabra.com.mx\/portal\/wp-json\/wp\/v2\/posts\/22271\/revisions"}],"predecessor-version":[{"id":74120,"href":"https:\/\/laultimapalabra.com.mx\/portal\/wp-json\/wp\/v2\/posts\/22271\/revisions\/74120"}],"wp:featuredmedia":[{"embeddable":true,"href":"https:\/\/laultimapalabra.com.mx\/portal\/wp-json\/wp\/v2\/media\/22272"}],"wp:attachment":[{"href":"https:\/\/laultimapalabra.com.mx\/portal\/wp-json\/wp\/v2\/media?parent=22271"}],"wp:term":[{"taxonomy":"category","embeddable":true,"href":"https:\/\/laultimapalabra.com.mx\/portal\/wp-json\/wp\/v2\/categories?post=22271"},{"taxonomy":"post_tag","embeddable":true,"href":"https:\/\/laultimapalabra.com.mx\/portal\/wp-json\/wp\/v2\/tags?post=22271"}],"curies":[{"name":"wp","href":"https:\/\/api.w.org\/{rel}","templated":true}]}}