                       {"id":22306,"date":"2021-09-25T00:56:27","date_gmt":"2021-09-25T06:56:27","guid":{"rendered":"https:\/\/laultimapalabra.com.mx\/portal\/?p=22306"},"modified":"2024-12-11T10:15:36","modified_gmt":"2024-12-11T16:15:36","slug":"tumba-luminaria-y-se-da-a-la-fuga","status":"publish","type":"post","link":"https:\/\/laultimapalabra.com.mx\/portal\/tumba-luminaria-y-se-da-a-la-fuga\/","title":{"rendered":"Tumba luminaria y se da a la fuga"},"content":{"rendered":"<p><span style=\"font-size: 1rem;\"><img loading=\"lazy\" decoding=\"async\" class=\"size-medium wp-image-22307 alignleft\" src=\"https:\/\/laultimapalabra.com.mx\/portal\/wp-content\/uploads\/2021\/09\/IMG-20210924-WA0055-300x169.jpg\" alt=\"\" width=\"300\" height=\"169\" srcset=\"https:\/\/laultimapalabra.com.mx\/portal\/wp-content\/uploads\/2021\/09\/IMG-20210924-WA0055-300x169.jpg 300w, https:\/\/laultimapalabra.com.mx\/portal\/wp-content\/uploads\/2021\/09\/IMG-20210924-WA0055-1024x576.jpg 1024w, https:\/\/laultimapalabra.com.mx\/portal\/wp-content\/uploads\/2021\/09\/IMG-20210924-WA0055-768x432.jpg 768w, https:\/\/laultimapalabra.com.mx\/portal\/wp-content\/uploads\/2021\/09\/IMG-20210924-WA0055.jpg 1280w\" sizes=\"auto, (max-width: 300px) 100vw, 300px\" \/>Cadereyta Jim\u00e9nez, N.L.-<\/span><span style=\"font-size: 1rem;\">La noche de ayer viernes alrededor de las 21:30 horas un veh\u00edculo que se di\u00f3 a la fuga tumb\u00f3 una luminaria en el municipio de Cadereyta.<\/span><\/p>\n<p>Los hechos se dieron en la Carretera Cadereyta-Allende en el Kil\u00f3metro 03 aproximadamente a unos 300 metros del cruce con el Libramiento Alfonso Mart\u00ednez Dom\u00ednguez.<br \/>\nHasta el momento se desconoce el paradero del causante de los hechos, mientras que al lugar acudieron elementos de Tr\u00e1nsito Municipal de Cadereyta y Protecci\u00f3n Civil, para acordonar la luminaria la cual qued\u00f3 tendida a un costado de la carpeta asf\u00e1ltica, y con energ\u00eda el\u00e9ctrica.<\/p>\n<p>Fuente: La \u00daltima Palabra<\/p>\n","protected":false},"excerpt":{"rendered":"<p>Cadereyta Jim\u00e9nez, N.L.-La noche de ayer viernes alrededor de las 21:30 horas un veh\u00edculo que se di\u00f3 a la fuga tumb\u00f3 una luminaria en el municipio de Cadereyta. Los hechos se dieron en la Carretera Cadereyta-Allende en el Kil\u00f3metro 03 aproximadamente a unos 300 metros del cruce con el Libramiento Alfonso Mart\u00ednez Dom\u00ednguez. Hasta el [&hellip;]<\/p>\n","protected":false},"author":9,"featured_media":22308,"comment_status":"closed","ping_status":"closed","sticky":false,"template":"","format":"standard","meta":{"footnotes":""},"categories":[17],"tags":[2747,3076],"class_list":["post-22306","post","type-post","status-publish","format-standard","has-post-thumbnail","hentry","category-locales-cadereyta","tag-accidentes-viales-cadereyta","tag-fuente-la-ultima-palabra"],"_links":{"self":[{"href":"https:\/\/laultimapalabra.com.mx\/portal\/wp-json\/wp\/v2\/posts\/22306","targetHints":{"allow":["GET"]}}],"collection":[{"href":"https:\/\/laultimapalabra.com.mx\/portal\/wp-json\/wp\/v2\/posts"}],"about":[{"href":"https:\/\/laultimapalabra.com.mx\/portal\/wp-json\/wp\/v2\/types\/post"}],"author":[{"embeddable":true,"href":"https:\/\/laultimapalabra.com.mx\/portal\/wp-json\/wp\/v2\/users\/9"}],"replies":[{"embeddable":true,"href":"https:\/\/laultimapalabra.com.mx\/portal\/wp-json\/wp\/v2\/comments?post=22306"}],"version-history":[{"count":2,"href":"https:\/\/laultimapalabra.com.mx\/portal\/wp-json\/wp\/v2\/posts\/22306\/revisions"}],"predecessor-version":[{"id":74134,"href":"https:\/\/laultimapalabra.com.mx\/portal\/wp-json\/wp\/v2\/posts\/22306\/revisions\/74134"}],"wp:featuredmedia":[{"embeddable":true,"href":"https:\/\/laultimapalabra.com.mx\/portal\/wp-json\/wp\/v2\/media\/22308"}],"wp:attachment":[{"href":"https:\/\/laultimapalabra.com.mx\/portal\/wp-json\/wp\/v2\/media?parent=22306"}],"wp:term":[{"taxonomy":"category","embeddable":true,"href":"https:\/\/laultimapalabra.com.mx\/portal\/wp-json\/wp\/v2\/categories?post=22306"},{"taxonomy":"post_tag","embeddable":true,"href":"https:\/\/laultimapalabra.com.mx\/portal\/wp-json\/wp\/v2\/tags?post=22306"}],"curies":[{"name":"wp","href":"https:\/\/api.w.org\/{rel}","templated":true}]}}