                       {"id":22320,"date":"2021-09-25T17:19:18","date_gmt":"2021-09-25T23:19:18","guid":{"rendered":"https:\/\/laultimapalabra.com.mx\/portal\/?p=22320"},"modified":"2024-12-11T10:15:36","modified_gmt":"2024-12-11T16:15:36","slug":"deja-un-herido-choque-por-alcance-entre-motociclistas","status":"publish","type":"post","link":"https:\/\/laultimapalabra.com.mx\/portal\/deja-un-herido-choque-por-alcance-entre-motociclistas\/","title":{"rendered":"Deja un herido choque por alcance entre motociclistas"},"content":{"rendered":"<p style=\"text-align: left;\"><span style=\"font-size: 1rem;\"><img loading=\"lazy\" decoding=\"async\" class=\"size-medium wp-image-22321 alignleft\" src=\"https:\/\/laultimapalabra.com.mx\/portal\/wp-content\/uploads\/2021\/09\/IMG-20210925-WA0084-300x174.jpg\" alt=\"\" width=\"300\" height=\"174\" srcset=\"https:\/\/laultimapalabra.com.mx\/portal\/wp-content\/uploads\/2021\/09\/IMG-20210925-WA0084-300x174.jpg 300w, https:\/\/laultimapalabra.com.mx\/portal\/wp-content\/uploads\/2021\/09\/IMG-20210925-WA0084-1024x594.jpg 1024w, https:\/\/laultimapalabra.com.mx\/portal\/wp-content\/uploads\/2021\/09\/IMG-20210925-WA0084-768x446.jpg 768w, https:\/\/laultimapalabra.com.mx\/portal\/wp-content\/uploads\/2021\/09\/IMG-20210925-WA0084.jpg 1280w\" sizes=\"auto, (max-width: 300px) 100vw, 300px\" \/>Cadereyta Jim\u00e9nez, N. L.- E<\/span><span style=\"font-size: 1rem;\">ste s\u00e1bado alrededor de las 13:00 horas, se di\u00f3 un choque por alcance entre dos motociclistas, en el que result\u00f3 herido uno de ellos.<\/span><\/p>\n<p>Los hechos se dieron en el boulevard Benito Ju\u00e1rez y la Calle Joaquin Garza, a la altura del Club de Leones.<br \/>\nLos protagonistas fueron el conductor de una motocicleta Harley Davidson color azul y una motoneta Italika de color rojo. Se presume que el conductor de la motoneta fren\u00f3 para dar vuelta y fue impactado por la pesada motocicleta Harley Davidson derrib\u00e1ndolo y provoc\u00e1ndole algunas heridas.<br \/>\nAl lugar acudieron elementos de Servicios de Emergencia Cadereyta para trasladar a Juan Francisco de 50 a\u00f1os a la cl\u00ednica 14 del IMSS, y tambi\u00e9n arribaron al lugar elementos de Tr\u00e1nsito Municipal para deslindar responsabilidades.<\/p>\n<p>Fuente&#8217; La \u00daltima Palabra<\/p>\n","protected":false},"excerpt":{"rendered":"<p>Cadereyta Jim\u00e9nez, N. L.- Este s\u00e1bado alrededor de las 13:00 horas, se di\u00f3 un choque por alcance entre dos motociclistas, en el que result\u00f3 herido uno de ellos. Los hechos se dieron en el boulevard Benito Ju\u00e1rez y la Calle Joaquin Garza, a la altura del Club de Leones. Los protagonistas fueron el conductor de [&hellip;]<\/p>\n","protected":false},"author":9,"featured_media":22322,"comment_status":"closed","ping_status":"closed","sticky":false,"template":"","format":"standard","meta":{"footnotes":""},"categories":[17],"tags":[2747,3076],"class_list":["post-22320","post","type-post","status-publish","format-standard","has-post-thumbnail","hentry","category-locales-cadereyta","tag-accidentes-viales-cadereyta","tag-fuente-la-ultima-palabra"],"_links":{"self":[{"href":"https:\/\/laultimapalabra.com.mx\/portal\/wp-json\/wp\/v2\/posts\/22320","targetHints":{"allow":["GET"]}}],"collection":[{"href":"https:\/\/laultimapalabra.com.mx\/portal\/wp-json\/wp\/v2\/posts"}],"about":[{"href":"https:\/\/laultimapalabra.com.mx\/portal\/wp-json\/wp\/v2\/types\/post"}],"author":[{"embeddable":true,"href":"https:\/\/laultimapalabra.com.mx\/portal\/wp-json\/wp\/v2\/users\/9"}],"replies":[{"embeddable":true,"href":"https:\/\/laultimapalabra.com.mx\/portal\/wp-json\/wp\/v2\/comments?post=22320"}],"version-history":[{"count":2,"href":"https:\/\/laultimapalabra.com.mx\/portal\/wp-json\/wp\/v2\/posts\/22320\/revisions"}],"predecessor-version":[{"id":74140,"href":"https:\/\/laultimapalabra.com.mx\/portal\/wp-json\/wp\/v2\/posts\/22320\/revisions\/74140"}],"wp:featuredmedia":[{"embeddable":true,"href":"https:\/\/laultimapalabra.com.mx\/portal\/wp-json\/wp\/v2\/media\/22322"}],"wp:attachment":[{"href":"https:\/\/laultimapalabra.com.mx\/portal\/wp-json\/wp\/v2\/media?parent=22320"}],"wp:term":[{"taxonomy":"category","embeddable":true,"href":"https:\/\/laultimapalabra.com.mx\/portal\/wp-json\/wp\/v2\/categories?post=22320"},{"taxonomy":"post_tag","embeddable":true,"href":"https:\/\/laultimapalabra.com.mx\/portal\/wp-json\/wp\/v2\/tags?post=22320"}],"curies":[{"name":"wp","href":"https:\/\/api.w.org\/{rel}","templated":true}]}}