                       {"id":22354,"date":"2021-09-27T09:16:38","date_gmt":"2021-09-27T15:16:38","guid":{"rendered":"https:\/\/laultimapalabra.com.mx\/portal\/?p=22354"},"modified":"2024-12-11T10:15:36","modified_gmt":"2024-12-11T16:15:36","slug":"muere-persona-atropellada-varios-vehiculos-destrozan-el-cuerpo-en-cadereyta","status":"publish","type":"post","link":"https:\/\/laultimapalabra.com.mx\/portal\/muere-persona-atropellada-varios-vehiculos-destrozan-el-cuerpo-en-cadereyta\/","title":{"rendered":"Muere persona atropellada; varios veh\u00edculos destrozan el cuerpo en Cadereyta"},"content":{"rendered":"<div style=\"width: 640px;\" class=\"wp-video\"><video class=\"wp-video-shortcode\" id=\"video-22354-1\" width=\"640\" height=\"352\" preload=\"metadata\" controls=\"controls\"><source type=\"video\/mp4\" src=\"https:\/\/laultimapalabra.com.mx\/portal\/wp-content\/uploads\/2021\/09\/VID-20210927-WA0007.mp4?_=1\" \/><a href=\"https:\/\/laultimapalabra.com.mx\/portal\/wp-content\/uploads\/2021\/09\/VID-20210927-WA0007.mp4\">https:\/\/laultimapalabra.com.mx\/portal\/wp-content\/uploads\/2021\/09\/VID-20210927-WA0007.mp4<\/a><\/video><\/div>\n<p>&nbsp;<\/p>\n<p><span style=\"font-size: 1rem;\">Cadereyta Jim\u00e9nez, N.L.-<\/span><span style=\"font-size: 1rem;\">Esta madrugada alrededor de la 1:00am una persona muri\u00f3 atropellada aparentemente por una unidad de carga, posteriormente el cuerpo fue destrozado por varios veh\u00edculos.<\/span><\/p>\n<p>Los lamentablementes hechos se dieron en la carretera Cadereyta-Allende Kil\u00f3metro 10, a la altura de Tytal, donde hasta el momento se desconoce al responsable del fatal accidente.<br \/>\nAl lugar acudieron elementos de Fuerza Civil, quienes abanderaron el lugar as\u00ed como Servicios Periciales para hacer las debidas investigaciones.<\/p>\n<p>Fuente: La \u00daltima Palabra<\/p>\n","protected":false},"excerpt":{"rendered":"<p>&nbsp; Cadereyta Jim\u00e9nez, N.L.-Esta madrugada alrededor de la 1:00am una persona muri\u00f3 atropellada aparentemente por una unidad de carga, posteriormente el cuerpo fue destrozado por varios veh\u00edculos. Los lamentablementes hechos se dieron en la carretera Cadereyta-Allende Kil\u00f3metro 10, a la altura de Tytal, donde hasta el momento se desconoce al responsable del fatal accidente. Al [&hellip;]<\/p>\n","protected":false},"author":9,"featured_media":22356,"comment_status":"closed","ping_status":"closed","sticky":false,"template":"","format":"standard","meta":{"footnotes":""},"categories":[17],"tags":[2747,3076],"class_list":["post-22354","post","type-post","status-publish","format-standard","has-post-thumbnail","hentry","category-locales-cadereyta","tag-accidentes-viales-cadereyta","tag-fuente-la-ultima-palabra"],"_links":{"self":[{"href":"https:\/\/laultimapalabra.com.mx\/portal\/wp-json\/wp\/v2\/posts\/22354","targetHints":{"allow":["GET"]}}],"collection":[{"href":"https:\/\/laultimapalabra.com.mx\/portal\/wp-json\/wp\/v2\/posts"}],"about":[{"href":"https:\/\/laultimapalabra.com.mx\/portal\/wp-json\/wp\/v2\/types\/post"}],"author":[{"embeddable":true,"href":"https:\/\/laultimapalabra.com.mx\/portal\/wp-json\/wp\/v2\/users\/9"}],"replies":[{"embeddable":true,"href":"https:\/\/laultimapalabra.com.mx\/portal\/wp-json\/wp\/v2\/comments?post=22354"}],"version-history":[{"count":2,"href":"https:\/\/laultimapalabra.com.mx\/portal\/wp-json\/wp\/v2\/posts\/22354\/revisions"}],"predecessor-version":[{"id":74148,"href":"https:\/\/laultimapalabra.com.mx\/portal\/wp-json\/wp\/v2\/posts\/22354\/revisions\/74148"}],"wp:featuredmedia":[{"embeddable":true,"href":"https:\/\/laultimapalabra.com.mx\/portal\/wp-json\/wp\/v2\/media\/22356"}],"wp:attachment":[{"href":"https:\/\/laultimapalabra.com.mx\/portal\/wp-json\/wp\/v2\/media?parent=22354"}],"wp:term":[{"taxonomy":"category","embeddable":true,"href":"https:\/\/laultimapalabra.com.mx\/portal\/wp-json\/wp\/v2\/categories?post=22354"},{"taxonomy":"post_tag","embeddable":true,"href":"https:\/\/laultimapalabra.com.mx\/portal\/wp-json\/wp\/v2\/tags?post=22354"}],"curies":[{"name":"wp","href":"https:\/\/api.w.org\/{rel}","templated":true}]}}