                       {"id":22370,"date":"2021-09-28T12:58:02","date_gmt":"2021-09-28T18:58:02","guid":{"rendered":"https:\/\/laultimapalabra.com.mx\/portal\/?p=22370"},"modified":"2024-12-11T10:15:37","modified_gmt":"2024-12-11T16:15:37","slug":"resulta-choque-en-la-cadereyta-allende-sin-lesionados","status":"publish","type":"post","link":"https:\/\/laultimapalabra.com.mx\/portal\/resulta-choque-en-la-cadereyta-allende-sin-lesionados\/","title":{"rendered":"Resulta choque en la Cadereyta-Allende sin lesionados"},"content":{"rendered":"<div style=\"width: 640px;\" class=\"wp-video\"><video class=\"wp-video-shortcode\" id=\"video-22370-1\" width=\"640\" height=\"352\" preload=\"metadata\" controls=\"controls\"><source type=\"video\/mp4\" src=\"https:\/\/laultimapalabra.com.mx\/portal\/wp-content\/uploads\/2021\/09\/VID-20210927-WA0056.mp4?_=1\" \/><a href=\"https:\/\/laultimapalabra.com.mx\/portal\/wp-content\/uploads\/2021\/09\/VID-20210927-WA0056.mp4\">https:\/\/laultimapalabra.com.mx\/portal\/wp-content\/uploads\/2021\/09\/VID-20210927-WA0056.mp4<\/a><\/video><\/div>\n<p>&nbsp;<\/p>\n<p><span style=\"font-size: 1rem;\">Cadereyta Jim\u00e9nez, N.L.- Un choque entre un tr\u00e1iler y un spark la tarde de ayer result\u00f3 sin lesionados.\u00a0<\/span><\/p>\n<p>Los hechos se dieron sobre la Carretera Cadereyta-Allende en el km 07 aproximadamente cuando un spark blanco circulaba por el carril derecho con direcci\u00f3n a Allende, da vuelta hacia la izquierda sin precauci\u00f3n siendo impactado por la pesada unidad que pertenece a la empresa Transfuerte.<\/p>\n<p>C\u00f3mo Severo de la Rosa fue identificado el conductor responsables del percance vial y del spark, quien fue revisado por Servicios de Emergencia Cadereyta, mientras que el conductor del tr\u00e1iler s\u00f3lo fue identificado como Alejandro.<\/p>\n<p>Acudiendo Fuerza Civil para deslindar responsabilidades.<\/p>\n<p>Fuente: La \u00daltima Palabra<\/p>\n<p>&nbsp;<\/p>\n<p>&nbsp;<\/p>\n<p>&nbsp;<\/p>\n<p>&nbsp;<\/p>\n","protected":false},"excerpt":{"rendered":"<p>&nbsp; Cadereyta Jim\u00e9nez, N.L.- Un choque entre un tr\u00e1iler y un spark la tarde de ayer result\u00f3 sin lesionados.\u00a0 Los hechos se dieron sobre la Carretera Cadereyta-Allende en el km 07 aproximadamente cuando un spark blanco circulaba por el carril derecho con direcci\u00f3n a Allende, da vuelta hacia la izquierda sin precauci\u00f3n siendo impactado por [&hellip;]<\/p>\n","protected":false},"author":9,"featured_media":22377,"comment_status":"closed","ping_status":"closed","sticky":false,"template":"","format":"standard","meta":{"footnotes":""},"categories":[17],"tags":[2747,3076],"class_list":["post-22370","post","type-post","status-publish","format-standard","has-post-thumbnail","hentry","category-locales-cadereyta","tag-accidentes-viales-cadereyta","tag-fuente-la-ultima-palabra"],"_links":{"self":[{"href":"https:\/\/laultimapalabra.com.mx\/portal\/wp-json\/wp\/v2\/posts\/22370","targetHints":{"allow":["GET"]}}],"collection":[{"href":"https:\/\/laultimapalabra.com.mx\/portal\/wp-json\/wp\/v2\/posts"}],"about":[{"href":"https:\/\/laultimapalabra.com.mx\/portal\/wp-json\/wp\/v2\/types\/post"}],"author":[{"embeddable":true,"href":"https:\/\/laultimapalabra.com.mx\/portal\/wp-json\/wp\/v2\/users\/9"}],"replies":[{"embeddable":true,"href":"https:\/\/laultimapalabra.com.mx\/portal\/wp-json\/wp\/v2\/comments?post=22370"}],"version-history":[{"count":2,"href":"https:\/\/laultimapalabra.com.mx\/portal\/wp-json\/wp\/v2\/posts\/22370\/revisions"}],"predecessor-version":[{"id":74156,"href":"https:\/\/laultimapalabra.com.mx\/portal\/wp-json\/wp\/v2\/posts\/22370\/revisions\/74156"}],"wp:featuredmedia":[{"embeddable":true,"href":"https:\/\/laultimapalabra.com.mx\/portal\/wp-json\/wp\/v2\/media\/22377"}],"wp:attachment":[{"href":"https:\/\/laultimapalabra.com.mx\/portal\/wp-json\/wp\/v2\/media?parent=22370"}],"wp:term":[{"taxonomy":"category","embeddable":true,"href":"https:\/\/laultimapalabra.com.mx\/portal\/wp-json\/wp\/v2\/categories?post=22370"},{"taxonomy":"post_tag","embeddable":true,"href":"https:\/\/laultimapalabra.com.mx\/portal\/wp-json\/wp\/v2\/tags?post=22370"}],"curies":[{"name":"wp","href":"https:\/\/api.w.org\/{rel}","templated":true}]}}