                       {"id":22393,"date":"2021-09-28T13:31:44","date_gmt":"2021-09-28T19:31:44","guid":{"rendered":"https:\/\/laultimapalabra.com.mx\/portal\/?p=22393"},"modified":"2024-12-11T10:15:37","modified_gmt":"2024-12-11T16:15:37","slug":"intenta-ganarle-el-paso-y-se-impacta-contra-transporte-urbano","status":"publish","type":"post","link":"https:\/\/laultimapalabra.com.mx\/portal\/intenta-ganarle-el-paso-y-se-impacta-contra-transporte-urbano\/","title":{"rendered":"Intenta ganarle el paso y se impacta contra transporte urbano"},"content":{"rendered":"<p><span style=\"font-size: 1rem;\"><img loading=\"lazy\" decoding=\"async\" class=\"size-medium wp-image-22378 alignleft\" src=\"https:\/\/laultimapalabra.com.mx\/portal\/wp-content\/uploads\/2021\/09\/IMG-20210928-WA0023-300x241.jpg\" alt=\"\" width=\"300\" height=\"241\" srcset=\"https:\/\/laultimapalabra.com.mx\/portal\/wp-content\/uploads\/2021\/09\/IMG-20210928-WA0023-300x241.jpg 300w, https:\/\/laultimapalabra.com.mx\/portal\/wp-content\/uploads\/2021\/09\/IMG-20210928-WA0023-1024x821.jpg 1024w, https:\/\/laultimapalabra.com.mx\/portal\/wp-content\/uploads\/2021\/09\/IMG-20210928-WA0023-768x616.jpg 768w, https:\/\/laultimapalabra.com.mx\/portal\/wp-content\/uploads\/2021\/09\/IMG-20210928-WA0023.jpg 1197w\" sizes=\"auto, (max-width: 300px) 100vw, 300px\" \/>Cadereyta Jim\u00e9nez, N.L.-<\/span><span style=\"font-size: 1rem;\">Esta ma\u00f1ana alrededor de las 11:00 horas, se present\u00f3 un accidente vial tipo choque lateral, en el cual afortunadamente no hubo personas lesionadas.<\/span><\/p>\n<p>Los hechos se dieron en la calle Rosendo Garza en su cruce con<br \/>\nZaragoza, donde un veh\u00edculo Nissan Aprio de color Gris, presuntamente intenta rebasar a un autob\u00fas de transporte p\u00fablico de color naranja denominado Interenlace; cuando<br \/>\nel conductor del autob\u00fas sin percatarse de el movimiento del auto da marcha a la pesada unidad, por lo que el autom\u00f3vil termina por impactarlo del lado izquierdo.<br \/>\nAl lugar acudieron elementos de Tr\u00e1nsito Municipal de Cadereyta, para iniciar las investigaciones y deslindar responsabilidades.<\/p>\n<p>Fuente: La \u00daltima Palabra<\/p>\n","protected":false},"excerpt":{"rendered":"<p>Cadereyta Jim\u00e9nez, N.L.-Esta ma\u00f1ana alrededor de las 11:00 horas, se present\u00f3 un accidente vial tipo choque lateral, en el cual afortunadamente no hubo personas lesionadas. Los hechos se dieron en la calle Rosendo Garza en su cruce con Zaragoza, donde un veh\u00edculo Nissan Aprio de color Gris, presuntamente intenta rebasar a un autob\u00fas de transporte [&hellip;]<\/p>\n","protected":false},"author":9,"featured_media":22378,"comment_status":"closed","ping_status":"closed","sticky":false,"template":"","format":"standard","meta":{"footnotes":""},"categories":[17],"tags":[2747,3076],"class_list":["post-22393","post","type-post","status-publish","format-standard","has-post-thumbnail","hentry","category-locales-cadereyta","tag-accidentes-viales-cadereyta","tag-fuente-la-ultima-palabra"],"_links":{"self":[{"href":"https:\/\/laultimapalabra.com.mx\/portal\/wp-json\/wp\/v2\/posts\/22393","targetHints":{"allow":["GET"]}}],"collection":[{"href":"https:\/\/laultimapalabra.com.mx\/portal\/wp-json\/wp\/v2\/posts"}],"about":[{"href":"https:\/\/laultimapalabra.com.mx\/portal\/wp-json\/wp\/v2\/types\/post"}],"author":[{"embeddable":true,"href":"https:\/\/laultimapalabra.com.mx\/portal\/wp-json\/wp\/v2\/users\/9"}],"replies":[{"embeddable":true,"href":"https:\/\/laultimapalabra.com.mx\/portal\/wp-json\/wp\/v2\/comments?post=22393"}],"version-history":[{"count":2,"href":"https:\/\/laultimapalabra.com.mx\/portal\/wp-json\/wp\/v2\/posts\/22393\/revisions"}],"predecessor-version":[{"id":74162,"href":"https:\/\/laultimapalabra.com.mx\/portal\/wp-json\/wp\/v2\/posts\/22393\/revisions\/74162"}],"wp:featuredmedia":[{"embeddable":true,"href":"https:\/\/laultimapalabra.com.mx\/portal\/wp-json\/wp\/v2\/media\/22378"}],"wp:attachment":[{"href":"https:\/\/laultimapalabra.com.mx\/portal\/wp-json\/wp\/v2\/media?parent=22393"}],"wp:term":[{"taxonomy":"category","embeddable":true,"href":"https:\/\/laultimapalabra.com.mx\/portal\/wp-json\/wp\/v2\/categories?post=22393"},{"taxonomy":"post_tag","embeddable":true,"href":"https:\/\/laultimapalabra.com.mx\/portal\/wp-json\/wp\/v2\/tags?post=22393"}],"curies":[{"name":"wp","href":"https:\/\/api.w.org\/{rel}","templated":true}]}}