                       {"id":22399,"date":"2021-09-28T13:53:27","date_gmt":"2021-09-28T19:53:27","guid":{"rendered":"https:\/\/laultimapalabra.com.mx\/portal\/?p=22399"},"modified":"2024-12-11T10:15:38","modified_gmt":"2024-12-11T16:15:38","slug":"padecen-vecinos-de-jardines-pestes-por-fuga-de-drenaje","status":"publish","type":"post","link":"https:\/\/laultimapalabra.com.mx\/portal\/padecen-vecinos-de-jardines-pestes-por-fuga-de-drenaje\/","title":{"rendered":"Padecen vecinos de Jardines pestes por fuga de drenaje\u00a0"},"content":{"rendered":"<div style=\"width: 640px;\" class=\"wp-video\"><video class=\"wp-video-shortcode\" id=\"video-22399-1\" width=\"640\" height=\"352\" preload=\"metadata\" controls=\"controls\"><source type=\"video\/mp4\" src=\"https:\/\/laultimapalabra.com.mx\/portal\/wp-content\/uploads\/2021\/09\/VID-20210928-WA0028.mp4?_=1\" \/><a href=\"https:\/\/laultimapalabra.com.mx\/portal\/wp-content\/uploads\/2021\/09\/VID-20210928-WA0028.mp4\">https:\/\/laultimapalabra.com.mx\/portal\/wp-content\/uploads\/2021\/09\/VID-20210928-WA0028.mp4<\/a><\/video><\/div>\n<p>&nbsp;<\/p>\n<p><span style=\"font-size: 1rem;\">Cadereyta Jim\u00e9nez, N.L.- Vecinos la colonia Jardines de Cadereyta en su segundo sector viven una lucha incansable por salvarse de los problemas del contagio del Covid, adem\u00e1s del piquete del Dengue, la contaminaci\u00f3n, el mal olor y\/o las infecciones a las que se exponen sus familias tras m\u00e1s de una semana de tener presente una fuga de drenaje\u00a0<\/span><\/p>\n<p><span style=\"font-weight: 400;\">que afecta a este sector, y que sin \u00e9xito ya ha sido reportada a Servicios de Agua y Drenaje de Monterrey, ya desesperados los vecinos piden la intervenci\u00f3n de cualquier autoridad correspondiente para que les ayude a la soluci\u00f3n de est\u00e1 problematica.\u00a0<\/span><\/p>\n","protected":false},"excerpt":{"rendered":"<p>&nbsp; Cadereyta Jim\u00e9nez, N.L.- Vecinos la colonia Jardines de Cadereyta en su segundo sector viven una lucha incansable por salvarse de los problemas del contagio del Covid, adem\u00e1s del piquete del Dengue, la contaminaci\u00f3n, el mal olor y\/o las infecciones a las que se exponen sus familias tras m\u00e1s de una semana de tener presente [&hellip;]<\/p>\n","protected":false},"author":9,"featured_media":22400,"comment_status":"closed","ping_status":"closed","sticky":false,"template":"","format":"standard","meta":{"footnotes":""},"categories":[17],"tags":[3293,2673],"class_list":["post-22399","post","type-post","status-publish","format-standard","has-post-thumbnail","hentry","category-locales-cadereyta","tag-fuente-canal-17-cadereyta","tag-fuga-drenaje-cadereyta"],"_links":{"self":[{"href":"https:\/\/laultimapalabra.com.mx\/portal\/wp-json\/wp\/v2\/posts\/22399","targetHints":{"allow":["GET"]}}],"collection":[{"href":"https:\/\/laultimapalabra.com.mx\/portal\/wp-json\/wp\/v2\/posts"}],"about":[{"href":"https:\/\/laultimapalabra.com.mx\/portal\/wp-json\/wp\/v2\/types\/post"}],"author":[{"embeddable":true,"href":"https:\/\/laultimapalabra.com.mx\/portal\/wp-json\/wp\/v2\/users\/9"}],"replies":[{"embeddable":true,"href":"https:\/\/laultimapalabra.com.mx\/portal\/wp-json\/wp\/v2\/comments?post=22399"}],"version-history":[{"count":2,"href":"https:\/\/laultimapalabra.com.mx\/portal\/wp-json\/wp\/v2\/posts\/22399\/revisions"}],"predecessor-version":[{"id":74166,"href":"https:\/\/laultimapalabra.com.mx\/portal\/wp-json\/wp\/v2\/posts\/22399\/revisions\/74166"}],"wp:featuredmedia":[{"embeddable":true,"href":"https:\/\/laultimapalabra.com.mx\/portal\/wp-json\/wp\/v2\/media\/22400"}],"wp:attachment":[{"href":"https:\/\/laultimapalabra.com.mx\/portal\/wp-json\/wp\/v2\/media?parent=22399"}],"wp:term":[{"taxonomy":"category","embeddable":true,"href":"https:\/\/laultimapalabra.com.mx\/portal\/wp-json\/wp\/v2\/categories?post=22399"},{"taxonomy":"post_tag","embeddable":true,"href":"https:\/\/laultimapalabra.com.mx\/portal\/wp-json\/wp\/v2\/tags?post=22399"}],"curies":[{"name":"wp","href":"https:\/\/api.w.org\/{rel}","templated":true}]}}