                       {"id":22452,"date":"2021-09-30T14:31:04","date_gmt":"2021-09-30T20:31:04","guid":{"rendered":"https:\/\/laultimapalabra.com.mx\/portal\/?p=22452"},"modified":"2024-12-11T10:15:38","modified_gmt":"2024-12-11T16:15:38","slug":"da-paco-trevino-arranque-al-nuevo-equipo-para-servicios-primarios-de-juarez","status":"publish","type":"post","link":"https:\/\/laultimapalabra.com.mx\/portal\/da-paco-trevino-arranque-al-nuevo-equipo-para-servicios-primarios-de-juarez\/","title":{"rendered":"Da Paco Trevi\u00f1o arranque al nuevo equipo para Servicios Primarios de Ju\u00e1rez"},"content":{"rendered":"<p><span style=\"font-size: 1rem;\"><img loading=\"lazy\" decoding=\"async\" class=\"size-medium wp-image-22512 alignleft\" src=\"https:\/\/laultimapalabra.com.mx\/portal\/wp-content\/uploads\/2021\/09\/IMG-20210930-WA0066-1-300x169.jpg\" alt=\"\" width=\"300\" height=\"169\" srcset=\"https:\/\/laultimapalabra.com.mx\/portal\/wp-content\/uploads\/2021\/09\/IMG-20210930-WA0066-1-300x169.jpg 300w, https:\/\/laultimapalabra.com.mx\/portal\/wp-content\/uploads\/2021\/09\/IMG-20210930-WA0066-1-1024x576.jpg 1024w, https:\/\/laultimapalabra.com.mx\/portal\/wp-content\/uploads\/2021\/09\/IMG-20210930-WA0066-1-768x432.jpg 768w, https:\/\/laultimapalabra.com.mx\/portal\/wp-content\/uploads\/2021\/09\/IMG-20210930-WA0066-1-1536x864.jpg 1536w, https:\/\/laultimapalabra.com.mx\/portal\/wp-content\/uploads\/2021\/09\/IMG-20210930-WA0066-1.jpg 1600w\" sizes=\"auto, (max-width: 300px) 100vw, 300px\" \/>Ju\u00e1rez, N.L.- En punto de las 10:00 de la ma\u00f1ana de hoy, el alcalde Ju\u00e1rez, Paco Trevi\u00f1o, di\u00f3 el arranque al nuevo equipo de Servicios P\u00fablicos Municipales que llevar\u00e1 a cabo un programa muy ambicioso en materia de limpieza, bacheo y otras necesidades de la ciufad. Dentro del equipo se cuenta con cuatro camionetas estaquitas, dos camiones de tres y media de redilas, tres gr\u00faas para alumbrado p\u00fablico, un cami\u00f3n para carga, una retroexcavadora, una gr\u00faa con canastilla para alumbrado p\u00fablico, un cami\u00f3n de volteo y una pipa para el agua.<\/span><\/p>\n<p><span style=\"font-weight: 400;\">En el evento estuvo acompa\u00f1ando al edil juarense,\u00a0<\/span><\/p>\n<p><span style=\"font-weight: 400;\">Juan Enrique Mendoza, Secretario de Servicios P\u00fablicos en el municipio as\u00ed como parte del Cabildo y parte de su equipo de trabajo.\u00a0\u00a0<\/span><\/p>\n","protected":false},"excerpt":{"rendered":"<p>Ju\u00e1rez, N.L.- En punto de las 10:00 de la ma\u00f1ana de hoy, el alcalde Ju\u00e1rez, Paco Trevi\u00f1o, di\u00f3 el arranque al nuevo equipo de Servicios P\u00fablicos Municipales que llevar\u00e1 a cabo un programa muy ambicioso en materia de limpieza, bacheo y otras necesidades de la ciufad. Dentro del equipo se cuenta con cuatro camionetas estaquitas, [&hellip;]<\/p>\n","protected":false},"author":9,"featured_media":22511,"comment_status":"closed","ping_status":"closed","sticky":false,"template":"","format":"standard","meta":{"footnotes":""},"categories":[18,1],"tags":[3307,3306,3076],"class_list":["post-22452","post","type-post","status-publish","format-standard","has-post-thumbnail","hentry","category-locales-juarez","category-noticias","tag-equipo-servicios-primarios-juarez","tag-francisco-hector-trevino-cantu","tag-fuente-la-ultima-palabra"],"_links":{"self":[{"href":"https:\/\/laultimapalabra.com.mx\/portal\/wp-json\/wp\/v2\/posts\/22452","targetHints":{"allow":["GET"]}}],"collection":[{"href":"https:\/\/laultimapalabra.com.mx\/portal\/wp-json\/wp\/v2\/posts"}],"about":[{"href":"https:\/\/laultimapalabra.com.mx\/portal\/wp-json\/wp\/v2\/types\/post"}],"author":[{"embeddable":true,"href":"https:\/\/laultimapalabra.com.mx\/portal\/wp-json\/wp\/v2\/users\/9"}],"replies":[{"embeddable":true,"href":"https:\/\/laultimapalabra.com.mx\/portal\/wp-json\/wp\/v2\/comments?post=22452"}],"version-history":[{"count":3,"href":"https:\/\/laultimapalabra.com.mx\/portal\/wp-json\/wp\/v2\/posts\/22452\/revisions"}],"predecessor-version":[{"id":74186,"href":"https:\/\/laultimapalabra.com.mx\/portal\/wp-json\/wp\/v2\/posts\/22452\/revisions\/74186"}],"wp:featuredmedia":[{"embeddable":true,"href":"https:\/\/laultimapalabra.com.mx\/portal\/wp-json\/wp\/v2\/media\/22511"}],"wp:attachment":[{"href":"https:\/\/laultimapalabra.com.mx\/portal\/wp-json\/wp\/v2\/media?parent=22452"}],"wp:term":[{"taxonomy":"category","embeddable":true,"href":"https:\/\/laultimapalabra.com.mx\/portal\/wp-json\/wp\/v2\/categories?post=22452"},{"taxonomy":"post_tag","embeddable":true,"href":"https:\/\/laultimapalabra.com.mx\/portal\/wp-json\/wp\/v2\/tags?post=22452"}],"curies":[{"name":"wp","href":"https:\/\/api.w.org\/{rel}","templated":true}]}}