                       {"id":22477,"date":"2021-10-01T10:18:04","date_gmt":"2021-10-01T16:18:04","guid":{"rendered":"https:\/\/laultimapalabra.com.mx\/portal\/?p=22477"},"modified":"2024-12-11T10:15:39","modified_gmt":"2024-12-11T16:15:39","slug":"ejecutan-a-coordinador-de-seguridad-publica-de-cadereyta","status":"publish","type":"post","link":"https:\/\/laultimapalabra.com.mx\/portal\/ejecutan-a-coordinador-de-seguridad-publica-de-cadereyta\/","title":{"rendered":"Ejecutan a coordinador de Seguridad P\u00fablica de Cadereyta\u00a0"},"content":{"rendered":"<p><span style=\"font-size: 1rem;\"><img loading=\"lazy\" decoding=\"async\" class=\"size-medium wp-image-22478 alignleft\" src=\"https:\/\/laultimapalabra.com.mx\/portal\/wp-content\/uploads\/2021\/10\/IMG-20211001-WA0000-256x300.jpg\" alt=\"\" width=\"256\" height=\"300\" srcset=\"https:\/\/laultimapalabra.com.mx\/portal\/wp-content\/uploads\/2021\/10\/IMG-20211001-WA0000-256x300.jpg 256w, https:\/\/laultimapalabra.com.mx\/portal\/wp-content\/uploads\/2021\/10\/IMG-20211001-WA0000-874x1024.jpg 874w, https:\/\/laultimapalabra.com.mx\/portal\/wp-content\/uploads\/2021\/10\/IMG-20211001-WA0000-768x900.jpg 768w, https:\/\/laultimapalabra.com.mx\/portal\/wp-content\/uploads\/2021\/10\/IMG-20211001-WA0000-1310x1536.jpg 1310w, https:\/\/laultimapalabra.com.mx\/portal\/wp-content\/uploads\/2021\/10\/IMG-20211001-WA0000.jpg 1365w\" sizes=\"auto, (max-width: 256px) 100vw, 256px\" \/>Cadereyta Jim\u00e9nez, N.L.- Un lamentable hecho se registr\u00f3 la noche de ayer con la ejecuci\u00f3n del joven funcionario de 33 a\u00f1os de edad Roberto S\u00e1enz Garza, qui\u00e9n hacia apenas unas horas tomara protesta como Coordinador de Seguridad P\u00fablica Municipial en Cadereyta.<\/span><\/p>\n<p>Los hechos se suscitaron en el domicilio de la v\u00edctima cu\u00e1ndo sujetos desconocidos lo atacaron a balazos siendo este trasladado a la cl\u00ednica San Andr\u00e9s, d\u00f3nde lamentablemente perdi\u00f3 la vida.<\/p>\n<p>Precisamente ayer por la\u00a0 ma\u00f1ana en rueda de prensa el alcalde Cosme Leal comentaba que una de las prioridades de su administraci\u00f3n ser\u00eda la seguridad del municipio; la cual representaba un gran reto y\u00a0 preocupaci\u00f3n en su administraci\u00f3n.<\/p>\n<p>El ambiente es tenso en estos momentos en el municipio y no se ha compartido parte oficial por parte de la autoridad.<\/p>\n<p>Estaremos a la espera de la declaraci\u00f3n del Secretario de Seguridad P\u00fablica, Juan Carlos Galv\u00e1n Benavides y por supuesto, del Presidente Municipal, Cosme Juli\u00e1n Leal Cant\u00fa.<\/p>\n<p>Fuente: La \u00daltima Palabra<\/p>\n<p>Canal 17 Cadereyta<\/p>\n","protected":false},"excerpt":{"rendered":"<p>Cadereyta Jim\u00e9nez, N.L.- Un lamentable hecho se registr\u00f3 la noche de ayer con la ejecuci\u00f3n del joven funcionario de 33 a\u00f1os de edad Roberto S\u00e1enz Garza, qui\u00e9n hacia apenas unas horas tomara protesta como Coordinador de Seguridad P\u00fablica Municipial en Cadereyta. Los hechos se suscitaron en el domicilio de la v\u00edctima cu\u00e1ndo sujetos desconocidos lo [&hellip;]<\/p>\n","protected":false},"author":9,"featured_media":22478,"comment_status":"closed","ping_status":"closed","sticky":false,"template":"","format":"standard","meta":{"footnotes":""},"categories":[8,9],"tags":[926,3293,3302],"class_list":["post-22477","post","type-post","status-publish","format-standard","has-post-thumbnail","hentry","category-seguridad","category-seguridad-cadereyta","tag-ejecutados-cadereyta","tag-fuente-canal-17-cadereyta","tag-mando-policiaco"],"_links":{"self":[{"href":"https:\/\/laultimapalabra.com.mx\/portal\/wp-json\/wp\/v2\/posts\/22477","targetHints":{"allow":["GET"]}}],"collection":[{"href":"https:\/\/laultimapalabra.com.mx\/portal\/wp-json\/wp\/v2\/posts"}],"about":[{"href":"https:\/\/laultimapalabra.com.mx\/portal\/wp-json\/wp\/v2\/types\/post"}],"author":[{"embeddable":true,"href":"https:\/\/laultimapalabra.com.mx\/portal\/wp-json\/wp\/v2\/users\/9"}],"replies":[{"embeddable":true,"href":"https:\/\/laultimapalabra.com.mx\/portal\/wp-json\/wp\/v2\/comments?post=22477"}],"version-history":[{"count":2,"href":"https:\/\/laultimapalabra.com.mx\/portal\/wp-json\/wp\/v2\/posts\/22477\/revisions"}],"predecessor-version":[{"id":74200,"href":"https:\/\/laultimapalabra.com.mx\/portal\/wp-json\/wp\/v2\/posts\/22477\/revisions\/74200"}],"wp:featuredmedia":[{"embeddable":true,"href":"https:\/\/laultimapalabra.com.mx\/portal\/wp-json\/wp\/v2\/media\/22478"}],"wp:attachment":[{"href":"https:\/\/laultimapalabra.com.mx\/portal\/wp-json\/wp\/v2\/media?parent=22477"}],"wp:term":[{"taxonomy":"category","embeddable":true,"href":"https:\/\/laultimapalabra.com.mx\/portal\/wp-json\/wp\/v2\/categories?post=22477"},{"taxonomy":"post_tag","embeddable":true,"href":"https:\/\/laultimapalabra.com.mx\/portal\/wp-json\/wp\/v2\/tags?post=22477"}],"curies":[{"name":"wp","href":"https:\/\/api.w.org\/{rel}","templated":true}]}}