                       {"id":22480,"date":"2021-10-01T10:38:54","date_gmt":"2021-10-01T16:38:54","guid":{"rendered":"https:\/\/laultimapalabra.com.mx\/portal\/?p=22480"},"modified":"2024-12-11T10:15:39","modified_gmt":"2024-12-11T16:15:39","slug":"deja-accidente-de-crucero-un-muerto-y-un-lesionado-en-cadereyta","status":"publish","type":"post","link":"https:\/\/laultimapalabra.com.mx\/portal\/deja-accidente-de-crucero-un-muerto-y-un-lesionado-en-cadereyta\/","title":{"rendered":"Deja accidente de crucero un muerto y un lesionado en Cadereyta\u00a0"},"content":{"rendered":"<p><span style=\"font-size: 1rem;\"><img loading=\"lazy\" decoding=\"async\" class=\"size-medium wp-image-22472 alignleft\" src=\"https:\/\/laultimapalabra.com.mx\/portal\/wp-content\/uploads\/2021\/10\/IMG-20211001-WA0008-300x169.jpg\" alt=\"\" width=\"300\" height=\"169\" srcset=\"https:\/\/laultimapalabra.com.mx\/portal\/wp-content\/uploads\/2021\/10\/IMG-20211001-WA0008-300x169.jpg 300w, https:\/\/laultimapalabra.com.mx\/portal\/wp-content\/uploads\/2021\/10\/IMG-20211001-WA0008-1024x576.jpg 1024w, https:\/\/laultimapalabra.com.mx\/portal\/wp-content\/uploads\/2021\/10\/IMG-20211001-WA0008-768x432.jpg 768w, https:\/\/laultimapalabra.com.mx\/portal\/wp-content\/uploads\/2021\/10\/IMG-20211001-WA0008.jpg 1280w\" sizes=\"auto, (max-width: 300px) 100vw, 300px\" \/>Cadereyta Jim\u00e9nez, N.L.- Un accidente de crucero alrededor de las 22:30 horas de ayer dej\u00f3 como saldo a una persona sin vida y una m\u00e1s lesionada, en el municipio de Cadereyta.\u00a0<\/span><\/p>\n<blockquote><p>El fatal accidente se registr\u00f3, sobre el boulevard Alfonso Mart\u00ednez Dom\u00ednguez en su cruce con la calle Morelos, a donde arribaron param\u00e9dicos, as\u00ed como agentes de tr\u00e1nsito.<\/p>\n<p>De acuerdo a los primeros informes, la conductora del veh\u00edculo tipo Sonic en color negro, quien no ha sido identificado, perdi\u00f3 la vida tras el fuerte impacto; mientras que el lesionado, identificado como Erasmo Cortez Silva, de 50 a\u00f1os de edad, conduc\u00eda un Malib\u00fa blanco.<\/p>\n<p>Fuente: La \u00daltima Palabra<\/p><\/blockquote>\n<p>&nbsp;<\/p>\n","protected":false},"excerpt":{"rendered":"<p>Cadereyta Jim\u00e9nez, N.L.- Un accidente de crucero alrededor de las 22:30 horas de ayer dej\u00f3 como saldo a una persona sin vida y una m\u00e1s lesionada, en el municipio de Cadereyta.\u00a0 El fatal accidente se registr\u00f3, sobre el boulevard Alfonso Mart\u00ednez Dom\u00ednguez en su cruce con la calle Morelos, a donde arribaron param\u00e9dicos, as\u00ed como [&hellip;]<\/p>\n","protected":false},"author":9,"featured_media":22473,"comment_status":"closed","ping_status":"closed","sticky":false,"template":"","format":"standard","meta":{"footnotes":""},"categories":[17],"tags":[2747,3076],"class_list":["post-22480","post","type-post","status-publish","format-standard","has-post-thumbnail","hentry","category-locales-cadereyta","tag-accidentes-viales-cadereyta","tag-fuente-la-ultima-palabra"],"_links":{"self":[{"href":"https:\/\/laultimapalabra.com.mx\/portal\/wp-json\/wp\/v2\/posts\/22480","targetHints":{"allow":["GET"]}}],"collection":[{"href":"https:\/\/laultimapalabra.com.mx\/portal\/wp-json\/wp\/v2\/posts"}],"about":[{"href":"https:\/\/laultimapalabra.com.mx\/portal\/wp-json\/wp\/v2\/types\/post"}],"author":[{"embeddable":true,"href":"https:\/\/laultimapalabra.com.mx\/portal\/wp-json\/wp\/v2\/users\/9"}],"replies":[{"embeddable":true,"href":"https:\/\/laultimapalabra.com.mx\/portal\/wp-json\/wp\/v2\/comments?post=22480"}],"version-history":[{"count":2,"href":"https:\/\/laultimapalabra.com.mx\/portal\/wp-json\/wp\/v2\/posts\/22480\/revisions"}],"predecessor-version":[{"id":74202,"href":"https:\/\/laultimapalabra.com.mx\/portal\/wp-json\/wp\/v2\/posts\/22480\/revisions\/74202"}],"wp:featuredmedia":[{"embeddable":true,"href":"https:\/\/laultimapalabra.com.mx\/portal\/wp-json\/wp\/v2\/media\/22473"}],"wp:attachment":[{"href":"https:\/\/laultimapalabra.com.mx\/portal\/wp-json\/wp\/v2\/media?parent=22480"}],"wp:term":[{"taxonomy":"category","embeddable":true,"href":"https:\/\/laultimapalabra.com.mx\/portal\/wp-json\/wp\/v2\/categories?post=22480"},{"taxonomy":"post_tag","embeddable":true,"href":"https:\/\/laultimapalabra.com.mx\/portal\/wp-json\/wp\/v2\/tags?post=22480"}],"curies":[{"name":"wp","href":"https:\/\/api.w.org\/{rel}","templated":true}]}}