                       {"id":22484,"date":"2021-10-01T14:09:01","date_gmt":"2021-10-01T20:09:01","guid":{"rendered":"https:\/\/laultimapalabra.com.mx\/portal\/?p=22484"},"modified":"2024-12-11T10:15:39","modified_gmt":"2024-12-11T16:15:39","slug":"choque-provoca-cierre-de-calle-progreso-en-cadereyta","status":"publish","type":"post","link":"https:\/\/laultimapalabra.com.mx\/portal\/choque-provoca-cierre-de-calle-progreso-en-cadereyta\/","title":{"rendered":"Choque provoca cierre de calle Progreso en Cadereyta"},"content":{"rendered":"<p><span style=\"font-size: 1rem;\"><img loading=\"lazy\" decoding=\"async\" class=\"size-medium wp-image-22486 alignleft\" src=\"https:\/\/laultimapalabra.com.mx\/portal\/wp-content\/uploads\/2021\/10\/IMG-20211001-WA0049-300x169.jpg\" alt=\"\" width=\"300\" height=\"169\" srcset=\"https:\/\/laultimapalabra.com.mx\/portal\/wp-content\/uploads\/2021\/10\/IMG-20211001-WA0049-300x169.jpg 300w, https:\/\/laultimapalabra.com.mx\/portal\/wp-content\/uploads\/2021\/10\/IMG-20211001-WA0049-1024x576.jpg 1024w, https:\/\/laultimapalabra.com.mx\/portal\/wp-content\/uploads\/2021\/10\/IMG-20211001-WA0049-768x432.jpg 768w, https:\/\/laultimapalabra.com.mx\/portal\/wp-content\/uploads\/2021\/10\/IMG-20211001-WA0049.jpg 1280w\" sizes=\"auto, (max-width: 300px) 100vw, 300px\" \/>Cadereyta Jim\u00e9nez, N.L.- L<\/span><span style=\"font-size: 1rem;\">a ma\u00f1ana de este viernes alrededor de las 10:30 horas se present\u00f3 un accidente vial el cu\u00e1l ocasion\u00f3 el cierre de una de las principales calles del centro de Cadereyta.<\/span><\/p>\n<p>Los hechos se dieron en la calle Progreso entre las calles Hidalgo y Ju\u00e1rez, los protagonistas fueron dos veh\u00edculos: un versa de color blanco y un jetta de color rojo, no hubo da\u00f1os graves en los veh\u00edculos.<br \/>\nSin embargo, el percance vial si origin\u00f3 que se presentaran largas filas de veh\u00edculos en la calle Hidalgo que llegaban hasta el cruce con la calle capit\u00e1n Alonso de Le\u00f3n.<br \/>\nEn el lugar abanderaron elementos de la Polic\u00eda Municipal de Cadereyta, y a los pocos minutos lleg\u00f3 Tr\u00e1nsito Municipal quien retir\u00f3 los veh\u00edculos para darle fluidez a la vialidad.<\/p>\n<p>Fuente: La \u00daltima Palabra<\/p>\n","protected":false},"excerpt":{"rendered":"<p>Cadereyta Jim\u00e9nez, N.L.- La ma\u00f1ana de este viernes alrededor de las 10:30 horas se present\u00f3 un accidente vial el cu\u00e1l ocasion\u00f3 el cierre de una de las principales calles del centro de Cadereyta. Los hechos se dieron en la calle Progreso entre las calles Hidalgo y Ju\u00e1rez, los protagonistas fueron dos veh\u00edculos: un versa de [&hellip;]<\/p>\n","protected":false},"author":9,"featured_media":22485,"comment_status":"closed","ping_status":"closed","sticky":false,"template":"","format":"standard","meta":{"footnotes":""},"categories":[8,9],"tags":[2747,3076],"class_list":["post-22484","post","type-post","status-publish","format-standard","has-post-thumbnail","hentry","category-seguridad","category-seguridad-cadereyta","tag-accidentes-viales-cadereyta","tag-fuente-la-ultima-palabra"],"_links":{"self":[{"href":"https:\/\/laultimapalabra.com.mx\/portal\/wp-json\/wp\/v2\/posts\/22484","targetHints":{"allow":["GET"]}}],"collection":[{"href":"https:\/\/laultimapalabra.com.mx\/portal\/wp-json\/wp\/v2\/posts"}],"about":[{"href":"https:\/\/laultimapalabra.com.mx\/portal\/wp-json\/wp\/v2\/types\/post"}],"author":[{"embeddable":true,"href":"https:\/\/laultimapalabra.com.mx\/portal\/wp-json\/wp\/v2\/users\/9"}],"replies":[{"embeddable":true,"href":"https:\/\/laultimapalabra.com.mx\/portal\/wp-json\/wp\/v2\/comments?post=22484"}],"version-history":[{"count":2,"href":"https:\/\/laultimapalabra.com.mx\/portal\/wp-json\/wp\/v2\/posts\/22484\/revisions"}],"predecessor-version":[{"id":74204,"href":"https:\/\/laultimapalabra.com.mx\/portal\/wp-json\/wp\/v2\/posts\/22484\/revisions\/74204"}],"wp:featuredmedia":[{"embeddable":true,"href":"https:\/\/laultimapalabra.com.mx\/portal\/wp-json\/wp\/v2\/media\/22485"}],"wp:attachment":[{"href":"https:\/\/laultimapalabra.com.mx\/portal\/wp-json\/wp\/v2\/media?parent=22484"}],"wp:term":[{"taxonomy":"category","embeddable":true,"href":"https:\/\/laultimapalabra.com.mx\/portal\/wp-json\/wp\/v2\/categories?post=22484"},{"taxonomy":"post_tag","embeddable":true,"href":"https:\/\/laultimapalabra.com.mx\/portal\/wp-json\/wp\/v2\/tags?post=22484"}],"curies":[{"name":"wp","href":"https:\/\/api.w.org\/{rel}","templated":true}]}}