                       {"id":22552,"date":"2021-10-04T00:35:04","date_gmt":"2021-10-04T06:35:04","guid":{"rendered":"https:\/\/laultimapalabra.com.mx\/portal\/?p=22552"},"modified":"2024-12-11T10:15:40","modified_gmt":"2024-12-11T16:15:40","slug":"deja-choque-un-ciclista-lesionado-vehiculo-se-da-a-la-fuga","status":"publish","type":"post","link":"https:\/\/laultimapalabra.com.mx\/portal\/deja-choque-un-ciclista-lesionado-vehiculo-se-da-a-la-fuga\/","title":{"rendered":"Deja choque un ciclista lesionado; veh\u00edculo se da a la fuga"},"content":{"rendered":"<p><span style=\"font-size: 1rem;\"><img loading=\"lazy\" decoding=\"async\" class=\"size-medium wp-image-22544 alignleft\" src=\"https:\/\/laultimapalabra.com.mx\/portal\/wp-content\/uploads\/2021\/10\/IMG-20211003-WA0013-300x169.jpg\" alt=\"\" width=\"300\" height=\"169\" srcset=\"https:\/\/laultimapalabra.com.mx\/portal\/wp-content\/uploads\/2021\/10\/IMG-20211003-WA0013-300x169.jpg 300w, https:\/\/laultimapalabra.com.mx\/portal\/wp-content\/uploads\/2021\/10\/IMG-20211003-WA0013-1024x576.jpg 1024w, https:\/\/laultimapalabra.com.mx\/portal\/wp-content\/uploads\/2021\/10\/IMG-20211003-WA0013-768x432.jpg 768w, https:\/\/laultimapalabra.com.mx\/portal\/wp-content\/uploads\/2021\/10\/IMG-20211003-WA0013-1536x864.jpg 1536w, https:\/\/laultimapalabra.com.mx\/portal\/wp-content\/uploads\/2021\/10\/IMG-20211003-WA0013.jpg 1600w\" sizes=\"auto, (max-width: 300px) 100vw, 300px\" \/>Cadereyta Jim\u00e9nez, N. L.- La tarde del s\u00e1bado alrededor de las 14:30 horas, se registr\u00f3 un accidente vial en el cual un veh\u00edculo impact\u00f3 a un ciclista y se dio a la fuga dej\u00e1ndolo herido.<\/span><\/p>\n<p>Los hechos se dieron en la Carretera El Castillo- La Boca aproximadamente en el kil\u00f3metro 02, el hombre fue identificado como Federico Torres Jaramillo de 55 a\u00f1os de edad y quien qued\u00f3 inconsciente en el lugar, siendo una persona que pasaba por el lugar la que hizo el reporte.<\/p>\n<p>Al lugar acudieron elementos de Servicios de Emergencia Cadereyta quienes trasladaron a Federico a la cl\u00ednica Valle, tambi\u00e9n arrib\u00f3 Tr\u00e1nsito Municipal para abanderar el lugar, mientras se realizaban las labores de auxilio.<\/p>\n<p>Fuente:La \u00daltima Palabra<\/p>\n","protected":false},"excerpt":{"rendered":"<p>Cadereyta Jim\u00e9nez, N. L.- La tarde del s\u00e1bado alrededor de las 14:30 horas, se registr\u00f3 un accidente vial en el cual un veh\u00edculo impact\u00f3 a un ciclista y se dio a la fuga dej\u00e1ndolo herido. Los hechos se dieron en la Carretera El Castillo- La Boca aproximadamente en el kil\u00f3metro 02, el hombre fue identificado [&hellip;]<\/p>\n","protected":false},"author":9,"featured_media":22543,"comment_status":"closed","ping_status":"closed","sticky":false,"template":"","format":"standard","meta":{"footnotes":""},"categories":[17],"tags":[2747,3076],"class_list":["post-22552","post","type-post","status-publish","format-standard","has-post-thumbnail","hentry","category-locales-cadereyta","tag-accidentes-viales-cadereyta","tag-fuente-la-ultima-palabra"],"_links":{"self":[{"href":"https:\/\/laultimapalabra.com.mx\/portal\/wp-json\/wp\/v2\/posts\/22552","targetHints":{"allow":["GET"]}}],"collection":[{"href":"https:\/\/laultimapalabra.com.mx\/portal\/wp-json\/wp\/v2\/posts"}],"about":[{"href":"https:\/\/laultimapalabra.com.mx\/portal\/wp-json\/wp\/v2\/types\/post"}],"author":[{"embeddable":true,"href":"https:\/\/laultimapalabra.com.mx\/portal\/wp-json\/wp\/v2\/users\/9"}],"replies":[{"embeddable":true,"href":"https:\/\/laultimapalabra.com.mx\/portal\/wp-json\/wp\/v2\/comments?post=22552"}],"version-history":[{"count":2,"href":"https:\/\/laultimapalabra.com.mx\/portal\/wp-json\/wp\/v2\/posts\/22552\/revisions"}],"predecessor-version":[{"id":74220,"href":"https:\/\/laultimapalabra.com.mx\/portal\/wp-json\/wp\/v2\/posts\/22552\/revisions\/74220"}],"wp:featuredmedia":[{"embeddable":true,"href":"https:\/\/laultimapalabra.com.mx\/portal\/wp-json\/wp\/v2\/media\/22543"}],"wp:attachment":[{"href":"https:\/\/laultimapalabra.com.mx\/portal\/wp-json\/wp\/v2\/media?parent=22552"}],"wp:term":[{"taxonomy":"category","embeddable":true,"href":"https:\/\/laultimapalabra.com.mx\/portal\/wp-json\/wp\/v2\/categories?post=22552"},{"taxonomy":"post_tag","embeddable":true,"href":"https:\/\/laultimapalabra.com.mx\/portal\/wp-json\/wp\/v2\/tags?post=22552"}],"curies":[{"name":"wp","href":"https:\/\/api.w.org\/{rel}","templated":true}]}}