                       {"id":22555,"date":"2021-10-04T01:05:41","date_gmt":"2021-10-04T07:05:41","guid":{"rendered":"https:\/\/laultimapalabra.com.mx\/portal\/?p=22555"},"modified":"2024-12-11T10:15:40","modified_gmt":"2024-12-11T16:15:40","slug":"se-pasa-el-alto-y-choca-contra-taxi","status":"publish","type":"post","link":"https:\/\/laultimapalabra.com.mx\/portal\/se-pasa-el-alto-y-choca-contra-taxi\/","title":{"rendered":"Se pasa el alto y choca contra taxi"},"content":{"rendered":"<p><span style=\"font-size: 1rem;\"><img loading=\"lazy\" decoding=\"async\" class=\"size-medium wp-image-22548 alignleft\" src=\"https:\/\/laultimapalabra.com.mx\/portal\/wp-content\/uploads\/2021\/10\/IMG-20211003-WA0025-300x135.jpg\" alt=\"\" width=\"300\" height=\"135\" srcset=\"https:\/\/laultimapalabra.com.mx\/portal\/wp-content\/uploads\/2021\/10\/IMG-20211003-WA0025-300x135.jpg 300w, https:\/\/laultimapalabra.com.mx\/portal\/wp-content\/uploads\/2021\/10\/IMG-20211003-WA0025-1024x461.jpg 1024w, https:\/\/laultimapalabra.com.mx\/portal\/wp-content\/uploads\/2021\/10\/IMG-20211003-WA0025-768x346.jpg 768w, https:\/\/laultimapalabra.com.mx\/portal\/wp-content\/uploads\/2021\/10\/IMG-20211003-WA0025-1536x691.jpg 1536w, https:\/\/laultimapalabra.com.mx\/portal\/wp-content\/uploads\/2021\/10\/IMG-20211003-WA0025.jpg 1600w\" sizes=\"auto, (max-width: 300px) 100vw, 300px\" \/>Cadereyta Jim\u00e9nez, N.L.- Un choque de crucero se suscit\u00f3 el d\u00eda de ayer domingo a las 13:45 horas aproximadamente en el cruce de las calles Cuah\u00fatemoc y Zaragoza en el centro de Cadereyta.\u00a0<\/span><\/p>\n<p>Los protagonistas fueron una camioneta marca Nissan tipo frontier color dorada modelo 2002 y con placas de circulaci\u00f3n\u00a0 PJ-7342-A de NL, quien fue considerado el veh\u00edculo responsable del accidente.<\/p>\n<p>Mientras que el veh\u00edculo afectado fue un Nissan tipo versa modelo 2019 en color\u00a0 blanco y de igual forma con placas A-568-MKM de NL.<\/p>\n<p>Esto despu\u00e9s de que la Frontier se &#8220;volara&#8221; un alto, lo que ocasion\u00f3 se diera el encontronazo entre los veh\u00edculos donde afortunadamente no hubo lesionados.<\/p>\n<p>Al lugar de los hechos arribaron elementos de Tr\u00e1nsito Municipal de Cadereyta para deslindar responsabilidades.<\/p>\n<p>Fuente: La \u00daltima Palabra<\/p>\n","protected":false},"excerpt":{"rendered":"<p>Cadereyta Jim\u00e9nez, N.L.- Un choque de crucero se suscit\u00f3 el d\u00eda de ayer domingo a las 13:45 horas aproximadamente en el cruce de las calles Cuah\u00fatemoc y Zaragoza en el centro de Cadereyta.\u00a0 Los protagonistas fueron una camioneta marca Nissan tipo frontier color dorada modelo 2002 y con placas de circulaci\u00f3n\u00a0 PJ-7342-A de NL, quien [&hellip;]<\/p>\n","protected":false},"author":9,"featured_media":22547,"comment_status":"closed","ping_status":"closed","sticky":false,"template":"","format":"standard","meta":{"footnotes":""},"categories":[17],"tags":[2747,3076],"class_list":["post-22555","post","type-post","status-publish","format-standard","has-post-thumbnail","hentry","category-locales-cadereyta","tag-accidentes-viales-cadereyta","tag-fuente-la-ultima-palabra"],"_links":{"self":[{"href":"https:\/\/laultimapalabra.com.mx\/portal\/wp-json\/wp\/v2\/posts\/22555","targetHints":{"allow":["GET"]}}],"collection":[{"href":"https:\/\/laultimapalabra.com.mx\/portal\/wp-json\/wp\/v2\/posts"}],"about":[{"href":"https:\/\/laultimapalabra.com.mx\/portal\/wp-json\/wp\/v2\/types\/post"}],"author":[{"embeddable":true,"href":"https:\/\/laultimapalabra.com.mx\/portal\/wp-json\/wp\/v2\/users\/9"}],"replies":[{"embeddable":true,"href":"https:\/\/laultimapalabra.com.mx\/portal\/wp-json\/wp\/v2\/comments?post=22555"}],"version-history":[{"count":2,"href":"https:\/\/laultimapalabra.com.mx\/portal\/wp-json\/wp\/v2\/posts\/22555\/revisions"}],"predecessor-version":[{"id":74222,"href":"https:\/\/laultimapalabra.com.mx\/portal\/wp-json\/wp\/v2\/posts\/22555\/revisions\/74222"}],"wp:featuredmedia":[{"embeddable":true,"href":"https:\/\/laultimapalabra.com.mx\/portal\/wp-json\/wp\/v2\/media\/22547"}],"wp:attachment":[{"href":"https:\/\/laultimapalabra.com.mx\/portal\/wp-json\/wp\/v2\/media?parent=22555"}],"wp:term":[{"taxonomy":"category","embeddable":true,"href":"https:\/\/laultimapalabra.com.mx\/portal\/wp-json\/wp\/v2\/categories?post=22555"},{"taxonomy":"post_tag","embeddable":true,"href":"https:\/\/laultimapalabra.com.mx\/portal\/wp-json\/wp\/v2\/tags?post=22555"}],"curies":[{"name":"wp","href":"https:\/\/api.w.org\/{rel}","templated":true}]}}