                       {"id":22586,"date":"2021-10-05T09:36:37","date_gmt":"2021-10-05T15:36:37","guid":{"rendered":"https:\/\/laultimapalabra.com.mx\/portal\/?p=22586"},"modified":"2024-12-11T10:15:40","modified_gmt":"2024-12-11T16:15:40","slug":"chocan-de-frente-en-crucero-de-la-muerte","status":"publish","type":"post","link":"https:\/\/laultimapalabra.com.mx\/portal\/chocan-de-frente-en-crucero-de-la-muerte\/","title":{"rendered":"Chocan de frente en Crucero de la Muerte"},"content":{"rendered":"<p><span style=\"font-size: 1rem;\"><img loading=\"lazy\" decoding=\"async\" class=\"size-medium wp-image-22588 alignleft\" src=\"https:\/\/laultimapalabra.com.mx\/portal\/wp-content\/uploads\/2021\/10\/IMG-20211005-WA0008-300x225.jpg\" alt=\"\" width=\"300\" height=\"225\" srcset=\"https:\/\/laultimapalabra.com.mx\/portal\/wp-content\/uploads\/2021\/10\/IMG-20211005-WA0008-300x225.jpg 300w, https:\/\/laultimapalabra.com.mx\/portal\/wp-content\/uploads\/2021\/10\/IMG-20211005-WA0008-1024x768.jpg 1024w, https:\/\/laultimapalabra.com.mx\/portal\/wp-content\/uploads\/2021\/10\/IMG-20211005-WA0008-768x576.jpg 768w, https:\/\/laultimapalabra.com.mx\/portal\/wp-content\/uploads\/2021\/10\/IMG-20211005-WA0008.jpg 1408w\" sizes=\"auto, (max-width: 300px) 100vw, 300px\" \/>Cadereyta Jim\u00e9nez, N.L.- L<\/span><span style=\"font-size: 1rem;\">a falta de sem\u00e1foros, aunado a la imprudencia de un conductor, provocaron un choque frontal en la calle Vicente Guerrero y Mutualismo, lugar conocido como el Crucero de La Muerte.<\/span><\/p>\n<p>Los hechos ocurrieron hoy a las 8:35 de la ma\u00f1ana cuando el conductor identificado como H\u00e9ctor G. De 68 a\u00f1os de edad y con domicilio en la colonia Nueva Cadereyta, realiz\u00f3 una maniobra no permitida en su carro Aveo, placas RTA-817-A y se estrell\u00f3 contra el frente de otro auto.<br \/>\nEl veh\u00edculo afectado es un Tsuru, modelo 1999, placas RWM-9782, conducido por Antonio Gonz\u00e1lez Gonz\u00e1lez de 52 a\u00f1os, domiciliado en Apodaca.<br \/>\nAl lugar arribaron elementos de Vialidad y Tr\u00e1nsito de Cadereyta, quienes resguardaron el lugar, mientras que los conductores conciliaron los hechos y llegaron a un acuerdo en el mismo sitio del accidente, al no haber personas lesionadas.<\/p>\n<p>Fuente: La \u00daltima Palabra<\/p>\n","protected":false},"excerpt":{"rendered":"<p>Cadereyta Jim\u00e9nez, N.L.- La falta de sem\u00e1foros, aunado a la imprudencia de un conductor, provocaron un choque frontal en la calle Vicente Guerrero y Mutualismo, lugar conocido como el Crucero de La Muerte. Los hechos ocurrieron hoy a las 8:35 de la ma\u00f1ana cuando el conductor identificado como H\u00e9ctor G. De 68 a\u00f1os de edad [&hellip;]<\/p>\n","protected":false},"author":9,"featured_media":22587,"comment_status":"closed","ping_status":"closed","sticky":false,"template":"","format":"standard","meta":{"footnotes":""},"categories":[17],"tags":[2747,3076],"class_list":["post-22586","post","type-post","status-publish","format-standard","has-post-thumbnail","hentry","category-locales-cadereyta","tag-accidentes-viales-cadereyta","tag-fuente-la-ultima-palabra"],"_links":{"self":[{"href":"https:\/\/laultimapalabra.com.mx\/portal\/wp-json\/wp\/v2\/posts\/22586","targetHints":{"allow":["GET"]}}],"collection":[{"href":"https:\/\/laultimapalabra.com.mx\/portal\/wp-json\/wp\/v2\/posts"}],"about":[{"href":"https:\/\/laultimapalabra.com.mx\/portal\/wp-json\/wp\/v2\/types\/post"}],"author":[{"embeddable":true,"href":"https:\/\/laultimapalabra.com.mx\/portal\/wp-json\/wp\/v2\/users\/9"}],"replies":[{"embeddable":true,"href":"https:\/\/laultimapalabra.com.mx\/portal\/wp-json\/wp\/v2\/comments?post=22586"}],"version-history":[{"count":2,"href":"https:\/\/laultimapalabra.com.mx\/portal\/wp-json\/wp\/v2\/posts\/22586\/revisions"}],"predecessor-version":[{"id":74238,"href":"https:\/\/laultimapalabra.com.mx\/portal\/wp-json\/wp\/v2\/posts\/22586\/revisions\/74238"}],"wp:featuredmedia":[{"embeddable":true,"href":"https:\/\/laultimapalabra.com.mx\/portal\/wp-json\/wp\/v2\/media\/22587"}],"wp:attachment":[{"href":"https:\/\/laultimapalabra.com.mx\/portal\/wp-json\/wp\/v2\/media?parent=22586"}],"wp:term":[{"taxonomy":"category","embeddable":true,"href":"https:\/\/laultimapalabra.com.mx\/portal\/wp-json\/wp\/v2\/categories?post=22586"},{"taxonomy":"post_tag","embeddable":true,"href":"https:\/\/laultimapalabra.com.mx\/portal\/wp-json\/wp\/v2\/tags?post=22586"}],"curies":[{"name":"wp","href":"https:\/\/api.w.org\/{rel}","templated":true}]}}