                       {"id":22591,"date":"2021-10-05T13:25:15","date_gmt":"2021-10-05T19:25:15","guid":{"rendered":"https:\/\/laultimapalabra.com.mx\/portal\/?p=22591"},"modified":"2024-12-11T10:15:40","modified_gmt":"2024-12-11T16:15:40","slug":"tumba-taxista-a-motociclista-y-se-da-a-la-fuga","status":"publish","type":"post","link":"https:\/\/laultimapalabra.com.mx\/portal\/tumba-taxista-a-motociclista-y-se-da-a-la-fuga\/","title":{"rendered":"Tumba taxista a motociclista y se da a la fuga"},"content":{"rendered":"<div style=\"width: 640px;\" class=\"wp-video\"><video class=\"wp-video-shortcode\" id=\"video-22591-1\" width=\"640\" height=\"352\" preload=\"metadata\" controls=\"controls\"><source type=\"video\/mp4\" src=\"https:\/\/laultimapalabra.com.mx\/portal\/wp-content\/uploads\/2021\/10\/VID-20211005-WA0062.mp4?_=1\" \/><a href=\"https:\/\/laultimapalabra.com.mx\/portal\/wp-content\/uploads\/2021\/10\/VID-20211005-WA0062.mp4\">https:\/\/laultimapalabra.com.mx\/portal\/wp-content\/uploads\/2021\/10\/VID-20211005-WA0062.mp4<\/a><\/video><\/div>\n<p>&nbsp;<\/p>\n<p><span style=\"font-size: 1rem;\">Cadereyta Jim\u00e9nez, N. L.- Alrededor de las 12:30 de este mediod\u00eda se present\u00f3 un accidente en el cual un taxista le cerr\u00f3 el paso a un motociclista repartidor, lo derrib\u00f3 y se di\u00f3 a la fuga.<\/span><\/p>\n<p>Los hechos se dieron en la calle Francisco I. Madero en su cruce con Progreso a unos metros de la tienda Bodega Aurrera, donde el j\u00f3ven Mauricio Quintero Hern\u00e1ndez de 19a\u00f1os, result\u00f3 con lesiones leves en su pierna debido a la ca\u00edda.<br \/>\nSe desconoce el veh\u00edculo que ocasion\u00f3 el accidente, ya que s\u00f3lo hizo menci\u00f3n de que se habia tratado de un taxi.<br \/>\nAl lugar acudieron elementos de Tr\u00e1nsito Municipal de Cadereyta, as\u00ed como Servicios de Emergencia, quienes revisaron en el lugar al j\u00f3ven pero decidi\u00f3 trasladarse por sus propios medios para valoraci\u00f3n m\u00e9dica.<\/p>\n<p>Fuente: La \u00daltima Palabra<\/p>\n","protected":false},"excerpt":{"rendered":"<p>&nbsp; Cadereyta Jim\u00e9nez, N. L.- Alrededor de las 12:30 de este mediod\u00eda se present\u00f3 un accidente en el cual un taxista le cerr\u00f3 el paso a un motociclista repartidor, lo derrib\u00f3 y se di\u00f3 a la fuga. Los hechos se dieron en la calle Francisco I. Madero en su cruce con Progreso a unos metros [&hellip;]<\/p>\n","protected":false},"author":9,"featured_media":22592,"comment_status":"closed","ping_status":"closed","sticky":false,"template":"","format":"standard","meta":{"footnotes":""},"categories":[17],"tags":[2747,3076],"class_list":["post-22591","post","type-post","status-publish","format-standard","has-post-thumbnail","hentry","category-locales-cadereyta","tag-accidentes-viales-cadereyta","tag-fuente-la-ultima-palabra"],"_links":{"self":[{"href":"https:\/\/laultimapalabra.com.mx\/portal\/wp-json\/wp\/v2\/posts\/22591","targetHints":{"allow":["GET"]}}],"collection":[{"href":"https:\/\/laultimapalabra.com.mx\/portal\/wp-json\/wp\/v2\/posts"}],"about":[{"href":"https:\/\/laultimapalabra.com.mx\/portal\/wp-json\/wp\/v2\/types\/post"}],"author":[{"embeddable":true,"href":"https:\/\/laultimapalabra.com.mx\/portal\/wp-json\/wp\/v2\/users\/9"}],"replies":[{"embeddable":true,"href":"https:\/\/laultimapalabra.com.mx\/portal\/wp-json\/wp\/v2\/comments?post=22591"}],"version-history":[{"count":2,"href":"https:\/\/laultimapalabra.com.mx\/portal\/wp-json\/wp\/v2\/posts\/22591\/revisions"}],"predecessor-version":[{"id":74240,"href":"https:\/\/laultimapalabra.com.mx\/portal\/wp-json\/wp\/v2\/posts\/22591\/revisions\/74240"}],"wp:featuredmedia":[{"embeddable":true,"href":"https:\/\/laultimapalabra.com.mx\/portal\/wp-json\/wp\/v2\/media\/22592"}],"wp:attachment":[{"href":"https:\/\/laultimapalabra.com.mx\/portal\/wp-json\/wp\/v2\/media?parent=22591"}],"wp:term":[{"taxonomy":"category","embeddable":true,"href":"https:\/\/laultimapalabra.com.mx\/portal\/wp-json\/wp\/v2\/categories?post=22591"},{"taxonomy":"post_tag","embeddable":true,"href":"https:\/\/laultimapalabra.com.mx\/portal\/wp-json\/wp\/v2\/tags?post=22591"}],"curies":[{"name":"wp","href":"https:\/\/api.w.org\/{rel}","templated":true}]}}