                       {"id":22639,"date":"2021-10-06T12:03:40","date_gmt":"2021-10-06T18:03:40","guid":{"rendered":"https:\/\/laultimapalabra.com.mx\/portal\/?p=22639"},"modified":"2024-12-11T10:15:41","modified_gmt":"2024-12-11T16:15:41","slug":"deja-choque-en-la-cadereyta-allende-cuatro-lesionados","status":"publish","type":"post","link":"https:\/\/laultimapalabra.com.mx\/portal\/deja-choque-en-la-cadereyta-allende-cuatro-lesionados\/","title":{"rendered":"Deja choque en la Cadereyta-Allende cuatro lesionados\u00a0"},"content":{"rendered":"<p><span style=\"font-size: 1rem;\"><img loading=\"lazy\" decoding=\"async\" class=\"size-medium wp-image-22633 alignleft\" src=\"https:\/\/laultimapalabra.com.mx\/portal\/wp-content\/uploads\/2021\/10\/IMG-20211006-WA0026-300x166.jpg\" alt=\"\" width=\"300\" height=\"166\" srcset=\"https:\/\/laultimapalabra.com.mx\/portal\/wp-content\/uploads\/2021\/10\/IMG-20211006-WA0026-300x166.jpg 300w, https:\/\/laultimapalabra.com.mx\/portal\/wp-content\/uploads\/2021\/10\/IMG-20211006-WA0026.jpg 720w\" sizes=\"auto, (max-width: 300px) 100vw, 300px\" \/>Cadereyta Jim\u00e9nez, N.L.- Dos mujeres y dos menores resultaron lesionados despu\u00e9s de.un fuerte choque sobre la carretera Cadereyta-Allende en el km 18 en Hacienda Las Palmas del municipio de Cadereyta.<\/span><\/p>\n<p>Los veh\u00edculos participantes fueron un ne\u00f3n color verde y un tr\u00e1iler de la l\u00ednea Flimsa, siendo el tr\u00e1iler el.responsable ya que se manejaba a exceso de velocidad<\/p>\n<p>Tras el fuerte impacto, los cuatro lesionados fueron trasladados a una cl\u00ednica de la localidad, y aunque al parecer no llevaban lesiones graves se les traslado para revisar debidamente su estado de salud.<\/p>\n<p>Guardia Nacional abander\u00f3 el lugar de los hechos y los lesionados fueron identificados como Zuri Sarai de 30 a\u00f1os quien era la conductora del Neon, su acompa\u00f1ante Yolanda Mayela de 41 y dos menores de 3 a\u00f1os y 3 meses, hijos de la conductora.<\/p>\n<p>Fuente: La \u00daltima Palabra<\/p>\n","protected":false},"excerpt":{"rendered":"<p>Cadereyta Jim\u00e9nez, N.L.- Dos mujeres y dos menores resultaron lesionados despu\u00e9s de.un fuerte choque sobre la carretera Cadereyta-Allende en el km 18 en Hacienda Las Palmas del municipio de Cadereyta. Los veh\u00edculos participantes fueron un ne\u00f3n color verde y un tr\u00e1iler de la l\u00ednea Flimsa, siendo el tr\u00e1iler el.responsable ya que se manejaba a exceso [&hellip;]<\/p>\n","protected":false},"author":9,"featured_media":22632,"comment_status":"closed","ping_status":"closed","sticky":false,"template":"","format":"standard","meta":{"footnotes":""},"categories":[17],"tags":[2747,3076],"class_list":["post-22639","post","type-post","status-publish","format-standard","has-post-thumbnail","hentry","category-locales-cadereyta","tag-accidentes-viales-cadereyta","tag-fuente-la-ultima-palabra"],"_links":{"self":[{"href":"https:\/\/laultimapalabra.com.mx\/portal\/wp-json\/wp\/v2\/posts\/22639","targetHints":{"allow":["GET"]}}],"collection":[{"href":"https:\/\/laultimapalabra.com.mx\/portal\/wp-json\/wp\/v2\/posts"}],"about":[{"href":"https:\/\/laultimapalabra.com.mx\/portal\/wp-json\/wp\/v2\/types\/post"}],"author":[{"embeddable":true,"href":"https:\/\/laultimapalabra.com.mx\/portal\/wp-json\/wp\/v2\/users\/9"}],"replies":[{"embeddable":true,"href":"https:\/\/laultimapalabra.com.mx\/portal\/wp-json\/wp\/v2\/comments?post=22639"}],"version-history":[{"count":2,"href":"https:\/\/laultimapalabra.com.mx\/portal\/wp-json\/wp\/v2\/posts\/22639\/revisions"}],"predecessor-version":[{"id":74256,"href":"https:\/\/laultimapalabra.com.mx\/portal\/wp-json\/wp\/v2\/posts\/22639\/revisions\/74256"}],"wp:featuredmedia":[{"embeddable":true,"href":"https:\/\/laultimapalabra.com.mx\/portal\/wp-json\/wp\/v2\/media\/22632"}],"wp:attachment":[{"href":"https:\/\/laultimapalabra.com.mx\/portal\/wp-json\/wp\/v2\/media?parent=22639"}],"wp:term":[{"taxonomy":"category","embeddable":true,"href":"https:\/\/laultimapalabra.com.mx\/portal\/wp-json\/wp\/v2\/categories?post=22639"},{"taxonomy":"post_tag","embeddable":true,"href":"https:\/\/laultimapalabra.com.mx\/portal\/wp-json\/wp\/v2\/tags?post=22639"}],"curies":[{"name":"wp","href":"https:\/\/api.w.org\/{rel}","templated":true}]}}