                       {"id":22709,"date":"2021-10-08T14:24:51","date_gmt":"2021-10-08T20:24:51","guid":{"rendered":"https:\/\/laultimapalabra.com.mx\/portal\/?p=22709"},"modified":"2024-12-11T10:15:44","modified_gmt":"2024-12-11T16:15:44","slug":"lesionan-a-repartidor-de-pizzas-en-accidente-vial","status":"publish","type":"post","link":"https:\/\/laultimapalabra.com.mx\/portal\/lesionan-a-repartidor-de-pizzas-en-accidente-vial\/","title":{"rendered":"Lesionan a repartidor de pizzas en accidente vial"},"content":{"rendered":"<p><span style=\"font-size: 1rem;\"><img loading=\"lazy\" decoding=\"async\" class=\"size-medium wp-image-22758 alignleft\" src=\"https:\/\/laultimapalabra.com.mx\/portal\/wp-content\/uploads\/2021\/10\/IMG-20211008-WA0137-1-300x169.jpg\" alt=\"\" width=\"300\" height=\"169\" srcset=\"https:\/\/laultimapalabra.com.mx\/portal\/wp-content\/uploads\/2021\/10\/IMG-20211008-WA0137-1-300x169.jpg 300w, https:\/\/laultimapalabra.com.mx\/portal\/wp-content\/uploads\/2021\/10\/IMG-20211008-WA0137-1-1024x576.jpg 1024w, https:\/\/laultimapalabra.com.mx\/portal\/wp-content\/uploads\/2021\/10\/IMG-20211008-WA0137-1-768x432.jpg 768w, https:\/\/laultimapalabra.com.mx\/portal\/wp-content\/uploads\/2021\/10\/IMG-20211008-WA0137-1-1536x864.jpg 1536w, https:\/\/laultimapalabra.com.mx\/portal\/wp-content\/uploads\/2021\/10\/IMG-20211008-WA0137-1.jpg 1600w\" sizes=\"auto, (max-width: 300px) 100vw, 300px\" \/>Ju\u00e1rez, N.L.- Un repartidor de pizzas result\u00f3 lesionado en un accidente vial suscitado en Av. Te\u00f3filo Salinas a las aproximadamente.<\/span><\/p>\n<p>Los veh\u00edculos involucrados fueron una camioneta de paqueter\u00eda del Grupo FH y una moto honda 125 de color gris.<\/p>\n<p>Los hechos se dieron cuando el<br \/>\nconductor de la camioneta iba saliendo por la Calle Bernardo Reyes y no alcanzo a ver a un motociclista que viajaba de sur a norte d\u00e1ndole un golpe que\u00a0 termin\u00f3 por derribarlo y lesionarle la rodilla derecha.<\/p>\n<p>El lesionado fue identificado como David Alejandro Olgu\u00edn L\u00f3pez de 22 a\u00f1os de edad y quien en el lugar fue atendido por param\u00e9dicos de Protecci\u00f3n Civil de Ju\u00e1rez, pero no requiri\u00f3 traslado.<\/p>\n<p>Fuente: La \u00daltima Palabra<\/p>\n","protected":false},"excerpt":{"rendered":"<p>Ju\u00e1rez, N.L.- Un repartidor de pizzas result\u00f3 lesionado en un accidente vial suscitado en Av. Te\u00f3filo Salinas a las aproximadamente. Los veh\u00edculos involucrados fueron una camioneta de paqueter\u00eda del Grupo FH y una moto honda 125 de color gris. Los hechos se dieron cuando el conductor de la camioneta iba saliendo por la Calle Bernardo [&hellip;]<\/p>\n","protected":false},"author":9,"featured_media":22757,"comment_status":"closed","ping_status":"closed","sticky":false,"template":"","format":"standard","meta":{"footnotes":""},"categories":[18],"tags":[2965,3076],"class_list":["post-22709","post","type-post","status-publish","format-standard","has-post-thumbnail","hentry","category-locales-juarez","tag-accidentes-viales-juarez","tag-fuente-la-ultima-palabra"],"_links":{"self":[{"href":"https:\/\/laultimapalabra.com.mx\/portal\/wp-json\/wp\/v2\/posts\/22709","targetHints":{"allow":["GET"]}}],"collection":[{"href":"https:\/\/laultimapalabra.com.mx\/portal\/wp-json\/wp\/v2\/posts"}],"about":[{"href":"https:\/\/laultimapalabra.com.mx\/portal\/wp-json\/wp\/v2\/types\/post"}],"author":[{"embeddable":true,"href":"https:\/\/laultimapalabra.com.mx\/portal\/wp-json\/wp\/v2\/users\/9"}],"replies":[{"embeddable":true,"href":"https:\/\/laultimapalabra.com.mx\/portal\/wp-json\/wp\/v2\/comments?post=22709"}],"version-history":[{"count":3,"href":"https:\/\/laultimapalabra.com.mx\/portal\/wp-json\/wp\/v2\/posts\/22709\/revisions"}],"predecessor-version":[{"id":74286,"href":"https:\/\/laultimapalabra.com.mx\/portal\/wp-json\/wp\/v2\/posts\/22709\/revisions\/74286"}],"wp:featuredmedia":[{"embeddable":true,"href":"https:\/\/laultimapalabra.com.mx\/portal\/wp-json\/wp\/v2\/media\/22757"}],"wp:attachment":[{"href":"https:\/\/laultimapalabra.com.mx\/portal\/wp-json\/wp\/v2\/media?parent=22709"}],"wp:term":[{"taxonomy":"category","embeddable":true,"href":"https:\/\/laultimapalabra.com.mx\/portal\/wp-json\/wp\/v2\/categories?post=22709"},{"taxonomy":"post_tag","embeddable":true,"href":"https:\/\/laultimapalabra.com.mx\/portal\/wp-json\/wp\/v2\/tags?post=22709"}],"curies":[{"name":"wp","href":"https:\/\/api.w.org\/{rel}","templated":true}]}}